{"id":5516,"date":"2017-07-27T16:56:38","date_gmt":"2017-07-27T19:56:38","guid":{"rendered":"https:\/\/wp.ufpel.edu.br\/clc\/?p=5516"},"modified":"2017-07-27T18:25:06","modified_gmt":"2017-07-27T21:25:06","slug":"encontro-com-escritores-promove-bate-papo-com-autores","status":"publish","type":"post","link":"https:\/\/wp.ufpel.edu.br\/clc\/2017\/07\/27\/encontro-com-escritores-promove-bate-papo-com-autores\/","title":{"rendered":"Encontro com Escritores promove bate-papo com autores"},"content":{"rendered":"<p style=\"text-align: justify\">Atrav\u00e9s do projeto \u201cEncontro com Escritores\u201d, o Centro de Letras e Comunica\u00e7\u00e3o\u00a0abre um espa\u00e7o para aproxima\u00e7\u00e3o entre o p\u00fablico leitor e o autor. A a\u00e7\u00e3o oportuniza a estudantes, professores, t\u00e9cnico-administrativos e comunidade, um bate-papo sobre literatura, of\u00edcio de escritor e seu processo de cria\u00e7\u00e3o. As atividades est\u00e3o sendo realizadas nestas quarta (26) e quinta-feira (27).<\/p>\n<p style=\"text-align: justify\">O projeto pretende reunir periodicamente escritores de literatura em l\u00edngua portuguesa com um p\u00fablico leitor interessado no debate em leitura liter\u00e1ria. Como lugar privilegiado de reflex\u00e3o, a Universidade possibilita este salto por meio do encontro de leitores com interlocutores que tratam n\u00e3o apenas da autoria da literatura, mas refletem os embates da produ\u00e7\u00e3o e circula\u00e7\u00e3o da obra liter\u00e1ria, sempre inserida no \u00e2mbito maior das rela\u00e7\u00f5es econ\u00f4micas, pol\u00edticas e culturais. Atualmente, e cada vez mais, se assiste a questionamentos de ordem \u00e9tica e est\u00e9tica, o que s\u00f3 vem a justificar a busca por esse encontro com escritores.<\/p>\n<div id='gallery-1' class='gallery galleryid-5516 gallery-columns-3 gallery-size-medium'><dl class='gallery-item'>\n\t\t\t<dt class='gallery-icon landscape'>\n\t\t\t\t<a href='https:\/\/wp.ufpel.edu.br\/clc\/2017\/07\/27\/encontro-com-escritores-promove-bate-papo-com-autores\/img_2319\/'><img loading=\"lazy\" decoding=\"async\" width=\"424\" height=\"283\" src=\"https:\/\/wp.ufpel.edu.br\/clc\/files\/2017\/07\/IMG_2319-424x283.jpg\" class=\"attachment-medium size-medium\" alt=\"\" srcset=\"https:\/\/wp.ufpel.edu.br\/clc\/files\/2017\/07\/IMG_2319-424x283.jpg 424w, https:\/\/wp.ufpel.edu.br\/clc\/files\/2017\/07\/IMG_2319-212x141.jpg 212w, https:\/\/wp.ufpel.edu.br\/clc\/files\/2017\/07\/IMG_2319-768x512.jpg 768w\" sizes=\"auto, (max-width: 424px) 100vw, 424px\" \/><\/a>\n\t\t\t<\/dt><\/dl><dl class='gallery-item'>\n\t\t\t<dt class='gallery-icon landscape'>\n\t\t\t\t<a href='https:\/\/wp.ufpel.edu.br\/clc\/2017\/07\/27\/encontro-com-escritores-promove-bate-papo-com-autores\/img_2322\/'><img loading=\"lazy\" decoding=\"async\" width=\"424\" height=\"283\" src=\"https:\/\/wp.ufpel.edu.br\/clc\/files\/2017\/07\/IMG_2322-424x283.jpg\" class=\"attachment-medium size-medium\" alt=\"\" srcset=\"https:\/\/wp.ufpel.edu.br\/clc\/files\/2017\/07\/IMG_2322-424x283.jpg 424w, https:\/\/wp.ufpel.edu.br\/clc\/files\/2017\/07\/IMG_2322-212x141.jpg 212w, https:\/\/wp.ufpel.edu.br\/clc\/files\/2017\/07\/IMG_2322-768x512.jpg 768w\" sizes=\"auto, (max-width: 424px) 100vw, 424px\" \/><\/a>\n\t\t\t<\/dt><\/dl><dl class='gallery-item'>\n\t\t\t<dt class='gallery-icon landscape'>\n\t\t\t\t<a href='https:\/\/wp.ufpel.edu.br\/clc\/2017\/07\/27\/encontro-com-escritores-promove-bate-papo-com-autores\/img_2321\/'><img loading=\"lazy\" decoding=\"async\" width=\"424\" height=\"283\" src=\"https:\/\/wp.ufpel.edu.br\/clc\/files\/2017\/07\/IMG_2321-424x283.jpg\" class=\"attachment-medium size-medium\" alt=\"\" srcset=\"https:\/\/wp.ufpel.edu.br\/clc\/files\/2017\/07\/IMG_2321-424x283.jpg 424w, https:\/\/wp.ufpel.edu.br\/clc\/files\/2017\/07\/IMG_2321-212x141.jpg 212w, https:\/\/wp.ufpel.edu.br\/clc\/files\/2017\/07\/IMG_2321-768x512.jpg 768w\" sizes=\"auto, (max-width: 424px) 100vw, 424px\" \/><\/a>\n\t\t\t<\/dt><\/dl><br style=\"clear: both\" \/>\n\t\t<\/div>\n\n<p style=\"text-align: justify\">Nesta primeira edi\u00e7\u00e3o, o projeto conta com a presen\u00e7a de Henrique Schneider, cujo\u00a0<a href=\"http:\/\/www.henriqueschneider.com\/home\/\">site<\/a>\u00a0disponibiliza informa\u00e7\u00f5es sobre a obra, bem como acesso a contos e microcontos. Ter\u00e1, ainda, a presen\u00e7a de Ernani M\u00fcgge, autor do livro de contos\u00a0<em>Pret\u00e9rito (re) visitado<\/em>, publicado pela Editora Oik\u00f3s, em cujo\u00a0<a href=\"http:\/\/oikoseditora.com.br\/autores\/single\/id\/122\">site<\/a>\u00a0est\u00e3o informa\u00e7\u00f5es da produ\u00e7\u00e3o do contista.<\/p>\n<p style=\"text-align: justify\">A organiza\u00e7\u00e3o tem a expectativa de que a relev\u00e2ncia e abrang\u00eancia cultural das atividades realizadas possam contribuir para a forma\u00e7\u00e3o e qualifica\u00e7\u00e3o profissional dos acad\u00eamicos e p\u00fablico presente. A coordena\u00e7\u00e3o das atividades \u00e9 do professor Wagner Coriolano de Abreu.<\/p>\n<p style=\"text-align: justify\">A programa\u00e7\u00e3o de quarta-feira contou com bate-papo dos escritores Henrique Schneider e Ernani M\u00fcgge e media\u00e7\u00e3o do professor Alfeu Sparemberger. Nesta\u00a0quinta, mais um encontro com o<strong>\u00a0<\/strong>escritor Ernani M\u00fcgge. As atividades ocorreram na\u00a0 sala 120 da UFPel \u2013 Campus Porto.<\/p>\n<p style=\"text-align: right\"><em>Com informa\u00e7\u00f5es do <a href=\"http:\/\/ccs2.ufpel.edu.br\/wp\/2017\/07\/26\/clc-promove-encontro-com-escritores\/\" target=\"_blank\" rel=\"noopener\">site da UFPel<\/a>.<\/em><\/p>\n","protected":false},"excerpt":{"rendered":"<p>Atrav\u00e9s do projeto \u201cEncontro com Escritores\u201d, o Centro de Letras e Comunica\u00e7\u00e3o\u00a0abre um espa\u00e7o para aproxima\u00e7\u00e3o entre o p\u00fablico leitor e o autor. A a\u00e7\u00e3o oportuniza a estudantes, professores, t\u00e9cnico-administrativos e comunidade, um bate-papo sobre literatura, of\u00edcio de escritor e &hellip; <a href=\"https:\/\/wp.ufpel.edu.br\/clc\/2017\/07\/27\/encontro-com-escritores-promove-bate-papo-com-autores\/\">Continue lendo <span class=\"meta-nav\">&rarr;<\/span><\/a><\/p>\n","protected":false},"author":50,"featured_media":0,"comment_status":"closed","ping_status":"closed","sticky":false,"template":"","format":"standard","meta":{"footnotes":""},"categories":[33386],"tags":[],"class_list":["post-5516","post","type-post","status-publish","format-standard","hentry","category-eventos"],"jetpack_featured_media_url":"","_links":{"self":[{"href":"https:\/\/wp.ufpel.edu.br\/clc\/wp-json\/wp\/v2\/posts\/5516","targetHints":{"allow":["GET"]}}],"collection":[{"href":"https:\/\/wp.ufpel.edu.br\/clc\/wp-json\/wp\/v2\/posts"}],"about":[{"href":"https:\/\/wp.ufpel.edu.br\/clc\/wp-json\/wp\/v2\/types\/post"}],"author":[{"embeddable":true,"href":"https:\/\/wp.ufpel.edu.br\/clc\/wp-json\/wp\/v2\/users\/50"}],"replies":[{"embeddable":true,"href":"https:\/\/wp.ufpel.edu.br\/clc\/wp-json\/wp\/v2\/comments?post=5516"}],"version-history":[{"count":6,"href":"https:\/\/wp.ufpel.edu.br\/clc\/wp-json\/wp\/v2\/posts\/5516\/revisions"}],"predecessor-version":[{"id":5526,"href":"https:\/\/wp.ufpel.edu.br\/clc\/wp-json\/wp\/v2\/posts\/5516\/revisions\/5526"}],"wp:attachment":[{"href":"https:\/\/wp.ufpel.edu.br\/clc\/wp-json\/wp\/v2\/media?parent=5516"}],"wp:term":[{"taxonomy":"category","embeddable":true,"href":"https:\/\/wp.ufpel.edu.br\/clc\/wp-json\/wp\/v2\/categories?post=5516"},{"taxonomy":"post_tag","embeddable":true,"href":"https:\/\/wp.ufpel.edu.br\/clc\/wp-json\/wp\/v2\/tags?post=5516"}],"curies":[{"name":"wp","href":"https:\/\/api.w.org\/{rel}","templated":true}]}}