{"id":5503,"date":"2017-07-27T15:11:45","date_gmt":"2017-07-27T18:11:45","guid":{"rendered":"https:\/\/wp.ufpel.edu.br\/clc\/?p=5503"},"modified":"2017-07-27T18:28:24","modified_gmt":"2017-07-27T21:28:24","slug":"discurso-de-odio-na-rede-e-tema-do-projeto-palavras-e-cafe","status":"publish","type":"post","link":"https:\/\/wp.ufpel.edu.br\/clc\/2017\/07\/27\/discurso-de-odio-na-rede-e-tema-do-projeto-palavras-e-cafe\/","title":{"rendered":"Discurso de \u00f3dio na rede \u00e9 tema do projeto Palavras e Caf\u00e9"},"content":{"rendered":"<p style=\"text-align: justify\"><a href=\"https:\/\/wp.ufpel.edu.br\/clc\/files\/2017\/07\/palavras-e-cafe-01.jpg\"><img loading=\"lazy\" decoding=\"async\" class=\"alignleft wp-image-5506\" src=\"https:\/\/wp.ufpel.edu.br\/clc\/files\/2017\/07\/palavras-e-cafe-01.jpg\" alt=\"\" width=\"224\" height=\"188\" srcset=\"https:\/\/wp.ufpel.edu.br\/clc\/files\/2017\/07\/palavras-e-cafe-01.jpg 940w, https:\/\/wp.ufpel.edu.br\/clc\/files\/2017\/07\/palavras-e-cafe-01-190x159.jpg 190w, https:\/\/wp.ufpel.edu.br\/clc\/files\/2017\/07\/palavras-e-cafe-01-379x318.jpg 379w, https:\/\/wp.ufpel.edu.br\/clc\/files\/2017\/07\/palavras-e-cafe-01-768x644.jpg 768w\" sizes=\"auto, (max-width: 224px) 100vw, 224px\" \/><\/a>A primeira roda de conversa organizada pelo projeto de extens\u00e3o Palavras e Caf\u00e9, do Centro de Letras e Comunica\u00e7\u00e3o (CLC), ter\u00e1 o tema &#8220;Discurso de \u00f3dio na rede&#8221;. As palestrantes s\u00e3o as professoras Raquel Recuero e Jana\u00edna Brum. O evento \u00e9 aberto \u00e0 comunidade em geral e\u00a0promete uma boa conversa, acompanhada de \u00a0caf\u00e9.<\/p>\n<p style=\"text-align: justify\">A atividade ocorre na pr\u00f3xima <strong>segunda-feira (31), \u00e0s 19h30<\/strong>, no corredor do Diret\u00f3rio Acad\u00eamico do CLC (em frente \u00e0 sala 105). O endere\u00e7o \u00e9 rua Gomes Carneiro, n\u00ba 1.<\/p>\n<p><strong>Projeto promove reflex\u00f5es atuais em rodas de conversa<\/strong><\/p>\n<p style=\"text-align: justify\">O projeto\u00a0de extens\u00e3o Palavras e Caf\u00e9 tem como prop\u00f3sito congregar professores, estudantes e a comunidade em palestras sobre diversos temas que derivam ou que estejam diretamente relacionados com as \u00e1reas de lingu\u00edstica, comunica\u00e7\u00e3o, literatura e \u00e1reas afins. Por meio de rodas de conversa, o projeto pretende estabelecer um espa\u00e7o de di\u00e1logo entre as mais diversas \u00e1reas compreendidas no corpo da Universidade, bem como proporcionar \u00e0 comunidade reflex\u00f5es nos debates.\u00a0O Palavras e Caf\u00e9 \u00e9 desenvolvido pela professora Vanessa Damasceno, pelo professor Luiz Carlos Rigo e pela acad\u00eamica Camila Mascarenhas.<\/p>\n<p><strong>As palestrantes<\/strong><\/p>\n<p style=\"text-align: justify\">Raquel Recuero tem experi\u00eancia na \u00e1rea de Comunica\u00e7\u00e3o e Lingu\u00edstica Aplicada, com \u00eanfase em redes sociais na Internet, discurso mediado pelo computador e difus\u00e3o de informa\u00e7\u00f5es na Internet.<span class=\"texto\">\u00a0P<\/span>ossui doutorado e mestrado em Comunica\u00e7\u00e3o e Informa\u00e7\u00e3o pela Universidade Federal do Rio Grande do Sul (UFRGS), gradua\u00e7\u00e3o em Comunica\u00e7\u00e3o Social com Habilita\u00e7\u00e3o em Jornalismo pela Universidade Cat\u00f3lica de Pelotas (UCPel) e gradua\u00e7\u00e3o em Direito pela UFPel. Atualmente, \u00e9 professora e pesquisadora do CLC da UFPel.<\/p>\n<p style=\"text-align: justify\">Jana\u00edna Brum atua na \u00e1rea de Letras, com \u00eanfase em Lingu\u00edstica, principalmente nos seguintes temas: discurso art\u00edstico; redes sociais, humor, discurso de \u00f3dio e teorias do texto e do discurso. Possui mestrado e doutorado em Letras pela UCPel, e gradua\u00e7\u00e3o em Letras-Portugu\u00eas pela UFPel. Jana\u00edna \u00e9 atualmente professora e pesquisadora do CLC da UFPel.<\/p>\n<p style=\"text-align: right\"><em>\u00a0Por: Daniela Agendes<br \/>\n<\/em><em>Imagem: Divulga\u00e7\u00e3o<\/em><\/p>\n","protected":false},"excerpt":{"rendered":"<p>A primeira roda de conversa organizada pelo projeto de extens\u00e3o Palavras e Caf\u00e9, do Centro de Letras e Comunica\u00e7\u00e3o (CLC), ter\u00e1 o tema &#8220;Discurso de \u00f3dio na rede&#8221;. As palestrantes s\u00e3o as professoras Raquel Recuero e Jana\u00edna Brum. O evento &hellip; <a href=\"https:\/\/wp.ufpel.edu.br\/clc\/2017\/07\/27\/discurso-de-odio-na-rede-e-tema-do-projeto-palavras-e-cafe\/\">Continue lendo <span class=\"meta-nav\">&rarr;<\/span><\/a><\/p>\n","protected":false},"author":50,"featured_media":0,"comment_status":"closed","ping_status":"closed","sticky":false,"template":"","format":"standard","meta":{"footnotes":""},"categories":[33383,33386,1],"tags":[],"class_list":["post-5503","post","type-post","status-publish","format-standard","hentry","category-abertos-a-comunidade","category-eventos","category-notcias"],"jetpack_featured_media_url":"","_links":{"self":[{"href":"https:\/\/wp.ufpel.edu.br\/clc\/wp-json\/wp\/v2\/posts\/5503","targetHints":{"allow":["GET"]}}],"collection":[{"href":"https:\/\/wp.ufpel.edu.br\/clc\/wp-json\/wp\/v2\/posts"}],"about":[{"href":"https:\/\/wp.ufpel.edu.br\/clc\/wp-json\/wp\/v2\/types\/post"}],"author":[{"embeddable":true,"href":"https:\/\/wp.ufpel.edu.br\/clc\/wp-json\/wp\/v2\/users\/50"}],"replies":[{"embeddable":true,"href":"https:\/\/wp.ufpel.edu.br\/clc\/wp-json\/wp\/v2\/comments?post=5503"}],"version-history":[{"count":11,"href":"https:\/\/wp.ufpel.edu.br\/clc\/wp-json\/wp\/v2\/posts\/5503\/revisions"}],"predecessor-version":[{"id":5527,"href":"https:\/\/wp.ufpel.edu.br\/clc\/wp-json\/wp\/v2\/posts\/5503\/revisions\/5527"}],"wp:attachment":[{"href":"https:\/\/wp.ufpel.edu.br\/clc\/wp-json\/wp\/v2\/media?parent=5503"}],"wp:term":[{"taxonomy":"category","embeddable":true,"href":"https:\/\/wp.ufpel.edu.br\/clc\/wp-json\/wp\/v2\/categories?post=5503"},{"taxonomy":"post_tag","embeddable":true,"href":"https:\/\/wp.ufpel.edu.br\/clc\/wp-json\/wp\/v2\/tags?post=5503"}],"curies":[{"name":"wp","href":"https:\/\/api.w.org\/{rel}","templated":true}]}}