{"id":5494,"date":"2017-07-26T18:09:24","date_gmt":"2017-07-26T21:09:24","guid":{"rendered":"https:\/\/wp.ufpel.edu.br\/clc\/?p=5494"},"modified":"2017-07-26T18:18:44","modified_gmt":"2017-07-26T21:18:44","slug":"novo-horario-de-funcionamento-dos-colegiados","status":"publish","type":"post","link":"https:\/\/wp.ufpel.edu.br\/clc\/2017\/07\/26\/novo-horario-de-funcionamento-dos-colegiados\/","title":{"rendered":"Novo hor\u00e1rio de funcionamento dos Colegiados"},"content":{"rendered":"<p style=\"text-align: justify\">Os Colegiados do CLC ter\u00e3o novo hor\u00e1rio de funcionamento. A partir de 27\/07\/2017, estar\u00e3o abertos <strong>das 9h \u00e0s 21h<\/strong>. A sala dos Colegiados fica na 107, andar t\u00e9rreo, Campus Porto.<\/p>\n<p><img loading=\"lazy\" decoding=\"async\" class=\"alignnone size-full wp-image-5500\" src=\"https:\/\/wp.ufpel.edu.br\/clc\/files\/2017\/07\/CARTAZ-colegiado-copy.jpg\" alt=\"\" width=\"822\" height=\"453\" \/><\/p>\n","protected":false},"excerpt":{"rendered":"<p>Os Colegiados do CLC ter\u00e3o novo hor\u00e1rio de funcionamento. A partir de 27\/07\/2017, estar\u00e3o abertos das 9h \u00e0s 21h. A sala dos Colegiados fica na 107, andar t\u00e9rreo, Campus Porto.<\/p>\n","protected":false},"author":50,"featured_media":0,"comment_status":"closed","ping_status":"closed","sticky":false,"template":"","format":"standard","meta":{"footnotes":""},"categories":[33373,1],"tags":[],"class_list":["post-5494","post","type-post","status-publish","format-standard","hentry","category-avisos","category-notcias"],"jetpack_featured_media_url":"","_links":{"self":[{"href":"https:\/\/wp.ufpel.edu.br\/clc\/wp-json\/wp\/v2\/posts\/5494","targetHints":{"allow":["GET"]}}],"collection":[{"href":"https:\/\/wp.ufpel.edu.br\/clc\/wp-json\/wp\/v2\/posts"}],"about":[{"href":"https:\/\/wp.ufpel.edu.br\/clc\/wp-json\/wp\/v2\/types\/post"}],"author":[{"embeddable":true,"href":"https:\/\/wp.ufpel.edu.br\/clc\/wp-json\/wp\/v2\/users\/50"}],"replies":[{"embeddable":true,"href":"https:\/\/wp.ufpel.edu.br\/clc\/wp-json\/wp\/v2\/comments?post=5494"}],"version-history":[{"count":2,"href":"https:\/\/wp.ufpel.edu.br\/clc\/wp-json\/wp\/v2\/posts\/5494\/revisions"}],"predecessor-version":[{"id":5501,"href":"https:\/\/wp.ufpel.edu.br\/clc\/wp-json\/wp\/v2\/posts\/5494\/revisions\/5501"}],"wp:attachment":[{"href":"https:\/\/wp.ufpel.edu.br\/clc\/wp-json\/wp\/v2\/media?parent=5494"}],"wp:term":[{"taxonomy":"category","embeddable":true,"href":"https:\/\/wp.ufpel.edu.br\/clc\/wp-json\/wp\/v2\/categories?post=5494"},{"taxonomy":"post_tag","embeddable":true,"href":"https:\/\/wp.ufpel.edu.br\/clc\/wp-json\/wp\/v2\/tags?post=5494"}],"curies":[{"name":"wp","href":"https:\/\/api.w.org\/{rel}","templated":true}]}}