{"id":5490,"date":"2017-07-26T15:13:08","date_gmt":"2017-07-26T18:13:08","guid":{"rendered":"https:\/\/wp.ufpel.edu.br\/clc\/?p=5490"},"modified":"2017-07-26T15:13:26","modified_gmt":"2017-07-26T18:13:26","slug":"prof-luis-amaral-palestra-sobre-sociolinguistica-e-ensino","status":"publish","type":"post","link":"https:\/\/wp.ufpel.edu.br\/clc\/2017\/07\/26\/prof-luis-amaral-palestra-sobre-sociolinguistica-e-ensino\/","title":{"rendered":"Prof. Lu\u00eds Amaral palestra sobre Sociolingu\u00edstica e Ensino"},"content":{"rendered":"<p style=\"text-align: justify\">A Comunidade Acad\u00eamica do CLC est\u00e1 convidada para a palestra do Prof. Dr. Lu\u00eds Amaral sobre &#8220;SOCIOLINGU\u00cdSTICA E ENSINO&#8221;. A palestra ocorrer\u00e1 no dia 31 de julho, segunda-feira, \u00e0s 19 horas, no 4\u00ba andar &#8211; Audit\u00f3rio da Reitoria.<\/p>\n<p style=\"text-align: justify\"><img loading=\"lazy\" decoding=\"async\" class=\"alignnone size-full wp-image-5492\" src=\"https:\/\/wp.ufpel.edu.br\/clc\/files\/2017\/07\/cartaz-luis.jpg\" alt=\"\" width=\"960\" height=\"720\" srcset=\"https:\/\/wp.ufpel.edu.br\/clc\/files\/2017\/07\/cartaz-luis.jpg 960w, https:\/\/wp.ufpel.edu.br\/clc\/files\/2017\/07\/cartaz-luis-212x159.jpg 212w, https:\/\/wp.ufpel.edu.br\/clc\/files\/2017\/07\/cartaz-luis-424x318.jpg 424w, https:\/\/wp.ufpel.edu.br\/clc\/files\/2017\/07\/cartaz-luis-768x576.jpg 768w\" sizes=\"auto, (max-width: 960px) 100vw, 960px\" \/><\/p>\n","protected":false},"excerpt":{"rendered":"<p>A Comunidade Acad\u00eamica do CLC est\u00e1 convidada para a palestra do Prof. Dr. Lu\u00eds Amaral sobre &#8220;SOCIOLINGU\u00cdSTICA E ENSINO&#8221;. A palestra ocorrer\u00e1 no dia 31 de julho, segunda-feira, \u00e0s 19 horas, no 4\u00ba andar &#8211; Audit\u00f3rio da Reitoria.<\/p>\n","protected":false},"author":50,"featured_media":0,"comment_status":"closed","ping_status":"closed","sticky":false,"template":"","format":"standard","meta":{"footnotes":""},"categories":[33386,1],"tags":[],"class_list":["post-5490","post","type-post","status-publish","format-standard","hentry","category-eventos","category-notcias"],"jetpack_featured_media_url":"","_links":{"self":[{"href":"https:\/\/wp.ufpel.edu.br\/clc\/wp-json\/wp\/v2\/posts\/5490","targetHints":{"allow":["GET"]}}],"collection":[{"href":"https:\/\/wp.ufpel.edu.br\/clc\/wp-json\/wp\/v2\/posts"}],"about":[{"href":"https:\/\/wp.ufpel.edu.br\/clc\/wp-json\/wp\/v2\/types\/post"}],"author":[{"embeddable":true,"href":"https:\/\/wp.ufpel.edu.br\/clc\/wp-json\/wp\/v2\/users\/50"}],"replies":[{"embeddable":true,"href":"https:\/\/wp.ufpel.edu.br\/clc\/wp-json\/wp\/v2\/comments?post=5490"}],"version-history":[{"count":1,"href":"https:\/\/wp.ufpel.edu.br\/clc\/wp-json\/wp\/v2\/posts\/5490\/revisions"}],"predecessor-version":[{"id":5493,"href":"https:\/\/wp.ufpel.edu.br\/clc\/wp-json\/wp\/v2\/posts\/5490\/revisions\/5493"}],"wp:attachment":[{"href":"https:\/\/wp.ufpel.edu.br\/clc\/wp-json\/wp\/v2\/media?parent=5490"}],"wp:term":[{"taxonomy":"category","embeddable":true,"href":"https:\/\/wp.ufpel.edu.br\/clc\/wp-json\/wp\/v2\/categories?post=5490"},{"taxonomy":"post_tag","embeddable":true,"href":"https:\/\/wp.ufpel.edu.br\/clc\/wp-json\/wp\/v2\/tags?post=5490"}],"curies":[{"name":"wp","href":"https:\/\/api.w.org\/{rel}","templated":true}]}}