{"id":5479,"date":"2017-07-24T18:48:08","date_gmt":"2017-07-24T21:48:08","guid":{"rendered":"https:\/\/wp.ufpel.edu.br\/clc\/?p=5479"},"modified":"2017-07-24T19:02:09","modified_gmt":"2017-07-24T22:02:09","slug":"salas-da-direcao-mudam-para-a-109","status":"publish","type":"post","link":"https:\/\/wp.ufpel.edu.br\/clc\/2017\/07\/24\/salas-da-direcao-mudam-para-a-109\/","title":{"rendered":"Salas da Dire\u00e7\u00e3o mudam para a 109"},"content":{"rendered":"<div style=\"text-align: justify\">\n<p>A Dire\u00e7\u00e3o do CLC informa a nova localiza\u00e7\u00e3o do setor administrativo:<\/p>\n<p>&#8211; As salas da dire\u00e7\u00e3o, dire\u00e7\u00e3o adjunta e secretaria est\u00e3o na sala 109 do CLC;<\/p>\n<p>&#8211; A sala de Libras, PEIF e N\u00facleo de RRT est\u00e3o nas salas 102 e 101, antiga secretaria, dire\u00e7\u00e3o adjunta e dire\u00e7\u00e3o, respectivamente.<\/p>\n<\/div>\n<div>Os demais setores mant\u00eam-se em suas salas.<\/div>\n","protected":false},"excerpt":{"rendered":"<p>A Dire\u00e7\u00e3o do CLC informa a nova localiza\u00e7\u00e3o do setor administrativo: &#8211; As salas da dire\u00e7\u00e3o, dire\u00e7\u00e3o adjunta e secretaria est\u00e3o na sala 109 do CLC; &#8211; A sala de Libras, PEIF e N\u00facleo de RRT est\u00e3o nas salas 102 &hellip; <a href=\"https:\/\/wp.ufpel.edu.br\/clc\/2017\/07\/24\/salas-da-direcao-mudam-para-a-109\/\">Continue lendo <span class=\"meta-nav\">&rarr;<\/span><\/a><\/p>\n","protected":false},"author":50,"featured_media":0,"comment_status":"closed","ping_status":"closed","sticky":false,"template":"","format":"standard","meta":{"footnotes":""},"categories":[33387],"tags":[],"class_list":["post-5479","post","type-post","status-publish","format-standard","hentry","category-direcao"],"jetpack_featured_media_url":"","_links":{"self":[{"href":"https:\/\/wp.ufpel.edu.br\/clc\/wp-json\/wp\/v2\/posts\/5479","targetHints":{"allow":["GET"]}}],"collection":[{"href":"https:\/\/wp.ufpel.edu.br\/clc\/wp-json\/wp\/v2\/posts"}],"about":[{"href":"https:\/\/wp.ufpel.edu.br\/clc\/wp-json\/wp\/v2\/types\/post"}],"author":[{"embeddable":true,"href":"https:\/\/wp.ufpel.edu.br\/clc\/wp-json\/wp\/v2\/users\/50"}],"replies":[{"embeddable":true,"href":"https:\/\/wp.ufpel.edu.br\/clc\/wp-json\/wp\/v2\/comments?post=5479"}],"version-history":[{"count":5,"href":"https:\/\/wp.ufpel.edu.br\/clc\/wp-json\/wp\/v2\/posts\/5479\/revisions"}],"predecessor-version":[{"id":5486,"href":"https:\/\/wp.ufpel.edu.br\/clc\/wp-json\/wp\/v2\/posts\/5479\/revisions\/5486"}],"wp:attachment":[{"href":"https:\/\/wp.ufpel.edu.br\/clc\/wp-json\/wp\/v2\/media?parent=5479"}],"wp:term":[{"taxonomy":"category","embeddable":true,"href":"https:\/\/wp.ufpel.edu.br\/clc\/wp-json\/wp\/v2\/categories?post=5479"},{"taxonomy":"post_tag","embeddable":true,"href":"https:\/\/wp.ufpel.edu.br\/clc\/wp-json\/wp\/v2\/tags?post=5479"}],"curies":[{"name":"wp","href":"https:\/\/api.w.org\/{rel}","templated":true}]}}