{"id":5436,"date":"2017-07-18T18:04:28","date_gmt":"2017-07-18T21:04:28","guid":{"rendered":"https:\/\/wp.ufpel.edu.br\/clc\/?p=5436"},"modified":"2017-07-25T17:17:20","modified_gmt":"2017-07-25T20:17:20","slug":"servidores-e-alunos-do-clc-homenageiam-professora-noris","status":"publish","type":"post","link":"https:\/\/wp.ufpel.edu.br\/clc\/2017\/07\/18\/servidores-e-alunos-do-clc-homenageiam-professora-noris\/","title":{"rendered":"Servidores e alunos do CLC homenageiam professora N\u00f3ris Duarte"},"content":{"rendered":"<p style=\"text-align: justify\">Na tarde desta ter\u00e7a (18), alunos e servidores docentes e t\u00e9cnico-administrativos do Centro de Letras e Comunica\u00e7\u00e3o homenagearam a professora N\u00f3ris Eunice Wiener Pureza Duarte pela ocasi\u00e3o de sua aposentadoria. A professora foi abra\u00e7ada pelos colegas e alunos e presenteada com flores.<\/p>\n<p style=\"text-align: justify\">A professora Paula Brauner lembrou a trajet\u00f3ria de N\u00f3ris no CLC, considerada &#8220;uma inspira\u00e7\u00e3o&#8221; para o exerc\u00edcio da doc\u00eancia. As professoras Ana Paula da Cunha, Isabella Mozzillo, Maristela Machado, o professor Paulo Borges, e a diretora Vanessa Damasceno destacaram o prest\u00edgio, a dedica\u00e7\u00e3o e o amor da colega na atua\u00e7\u00e3o como professora, por tantos anos. A professora N\u00f3ris, emocionada, agradeceu a todos e disse que &#8220;o CLC \u00e9 como sua casa&#8221;. Os professores Paulo e Vanessa convidaram N\u00f3ris para continuar visitando e colaborando com o CLC.<\/p>\n<p><strong><em>Clique nas imagens para v\u00ea-las em tamanho maior:<\/em><\/strong><\/p>\n<div id='gallery-1' class='gallery galleryid-5436 gallery-columns-3 gallery-size-full'><dl class='gallery-item'>\n\t\t\t<dt class='gallery-icon landscape'>\n\t\t\t\t<a href='https:\/\/wp.ufpel.edu.br\/clc\/files\/2017\/07\/Homenagem-Noris-aposentada-18-07-17-8.jpg'><img loading=\"lazy\" decoding=\"async\" width=\"3312\" height=\"1812\" src=\"https:\/\/wp.ufpel.edu.br\/clc\/files\/2017\/07\/Homenagem-Noris-aposentada-18-07-17-8.jpg\" class=\"attachment-full size-full\" alt=\"\" aria-describedby=\"gallery-1-5441\" srcset=\"https:\/\/wp.ufpel.edu.br\/clc\/files\/2017\/07\/Homenagem-Noris-aposentada-18-07-17-8.jpg 3312w, https:\/\/wp.ufpel.edu.br\/clc\/files\/2017\/07\/Homenagem-Noris-aposentada-18-07-17-8-212x116.jpg 212w, https:\/\/wp.ufpel.edu.br\/clc\/files\/2017\/07\/Homenagem-Noris-aposentada-18-07-17-8-424x232.jpg 424w, https:\/\/wp.ufpel.edu.br\/clc\/files\/2017\/07\/Homenagem-Noris-aposentada-18-07-17-8-768x420.jpg 768w\" sizes=\"auto, (max-width: 3312px) 100vw, 3312px\" \/><\/a>\n\t\t\t<\/dt>\n\t\t\t\t<dd class='wp-caption-text gallery-caption' id='gallery-1-5441'>\n\t\t\t\tProfessora N\u00f3ris rodeada pelos colegas docentes\n\t\t\t\t<\/dd><\/dl><dl class='gallery-item'>\n\t\t\t<dt class='gallery-icon portrait'>\n\t\t\t\t<a href='https:\/\/wp.ufpel.edu.br\/clc\/files\/2017\/07\/Homenagem-Noris-aposentada-18-07-17-3.jpg'><img loading=\"lazy\" decoding=\"async\" width=\"2322\" height=\"2492\" src=\"https:\/\/wp.ufpel.edu.br\/clc\/files\/2017\/07\/Homenagem-Noris-aposentada-18-07-17-3.jpg\" class=\"attachment-full size-full\" alt=\"\" aria-describedby=\"gallery-1-5442\" srcset=\"https:\/\/wp.ufpel.edu.br\/clc\/files\/2017\/07\/Homenagem-Noris-aposentada-18-07-17-3.jpg 2322w, https:\/\/wp.ufpel.edu.br\/clc\/files\/2017\/07\/Homenagem-Noris-aposentada-18-07-17-3-148x159.jpg 148w, https:\/\/wp.ufpel.edu.br\/clc\/files\/2017\/07\/Homenagem-Noris-aposentada-18-07-17-3-296x318.jpg 296w, https:\/\/wp.ufpel.edu.br\/clc\/files\/2017\/07\/Homenagem-Noris-aposentada-18-07-17-3-768x824.jpg 768w\" sizes=\"auto, (max-width: 2322px) 100vw, 2322px\" \/><\/a>\n\t\t\t<\/dt>\n\t\t\t\t<dd class='wp-caption-text gallery-caption' id='gallery-1-5442'>\n\t\t\t\tProfessora Paula Brauner discursa sobre a trajet\u00f3ria da professora N\u00f3ris\n\t\t\t\t<\/dd><\/dl><dl class='gallery-item'>\n\t\t\t<dt class='gallery-icon landscape'>\n\t\t\t\t<a href='https:\/\/wp.ufpel.edu.br\/clc\/files\/2017\/07\/Homenagem-Noris-aposentada-18-07-17-5.jpg'><img loading=\"lazy\" decoding=\"async\" width=\"2277\" height=\"2252\" src=\"https:\/\/wp.ufpel.edu.br\/clc\/files\/2017\/07\/Homenagem-Noris-aposentada-18-07-17-5.jpg\" class=\"attachment-full size-full\" alt=\"\" aria-describedby=\"gallery-1-5443\" srcset=\"https:\/\/wp.ufpel.edu.br\/clc\/files\/2017\/07\/Homenagem-Noris-aposentada-18-07-17-5.jpg 2277w, https:\/\/wp.ufpel.edu.br\/clc\/files\/2017\/07\/Homenagem-Noris-aposentada-18-07-17-5-161x159.jpg 161w, https:\/\/wp.ufpel.edu.br\/clc\/files\/2017\/07\/Homenagem-Noris-aposentada-18-07-17-5-322x318.jpg 322w, https:\/\/wp.ufpel.edu.br\/clc\/files\/2017\/07\/Homenagem-Noris-aposentada-18-07-17-5-768x760.jpg 768w\" sizes=\"auto, (max-width: 2277px) 100vw, 2277px\" \/><\/a>\n\t\t\t<\/dt>\n\t\t\t\t<dd class='wp-caption-text gallery-caption' id='gallery-1-5443'>\n\t\t\t\tProfessora Isabella emociona a homenageada com seu discurso\n\t\t\t\t<\/dd><\/dl><br style=\"clear: both\" \/><dl class='gallery-item'>\n\t\t\t<dt class='gallery-icon landscape'>\n\t\t\t\t<a href='https:\/\/wp.ufpel.edu.br\/clc\/files\/2017\/07\/homenagem-noris-01.jpg'><img loading=\"lazy\" decoding=\"async\" width=\"942\" height=\"864\" src=\"https:\/\/wp.ufpel.edu.br\/clc\/files\/2017\/07\/homenagem-noris-01.jpg\" class=\"attachment-full size-full\" alt=\"\" aria-describedby=\"gallery-1-5444\" srcset=\"https:\/\/wp.ufpel.edu.br\/clc\/files\/2017\/07\/homenagem-noris-01.jpg 942w, https:\/\/wp.ufpel.edu.br\/clc\/files\/2017\/07\/homenagem-noris-01-173x159.jpg 173w, https:\/\/wp.ufpel.edu.br\/clc\/files\/2017\/07\/homenagem-noris-01-347x318.jpg 347w, https:\/\/wp.ufpel.edu.br\/clc\/files\/2017\/07\/homenagem-noris-01-768x704.jpg 768w\" sizes=\"auto, (max-width: 942px) 100vw, 942px\" \/><\/a>\n\t\t\t<\/dt>\n\t\t\t\t<dd class='wp-caption-text gallery-caption' id='gallery-1-5444'>\n\t\t\t\tProf\u00aa N\u00f3ris e a t\u00e9cnica-administrativa Daniela Agendes (E) e a diretora do CLC, prof\u00aa Vanessa Damasceno\n\t\t\t\t<\/dd><\/dl><dl class='gallery-item'>\n\t\t\t<dt class='gallery-icon landscape'>\n\t\t\t\t<a href='https:\/\/wp.ufpel.edu.br\/clc\/files\/2017\/07\/Homenagem-Noris-aposentada-18-07-17-9.jpg'><img loading=\"lazy\" decoding=\"async\" width=\"4128\" height=\"2322\" src=\"https:\/\/wp.ufpel.edu.br\/clc\/files\/2017\/07\/Homenagem-Noris-aposentada-18-07-17-9.jpg\" class=\"attachment-full size-full\" alt=\"\" aria-describedby=\"gallery-1-5445\" srcset=\"https:\/\/wp.ufpel.edu.br\/clc\/files\/2017\/07\/Homenagem-Noris-aposentada-18-07-17-9.jpg 4128w, https:\/\/wp.ufpel.edu.br\/clc\/files\/2017\/07\/Homenagem-Noris-aposentada-18-07-17-9-212x119.jpg 212w, https:\/\/wp.ufpel.edu.br\/clc\/files\/2017\/07\/Homenagem-Noris-aposentada-18-07-17-9-424x239.jpg 424w, https:\/\/wp.ufpel.edu.br\/clc\/files\/2017\/07\/Homenagem-Noris-aposentada-18-07-17-9-768x432.jpg 768w\" sizes=\"auto, (max-width: 4128px) 100vw, 4128px\" \/><\/a>\n\t\t\t<\/dt>\n\t\t\t\t<dd class='wp-caption-text gallery-caption' id='gallery-1-5445'>\n\t\t\t\tProfessora N\u00f3ris \u00e9 abra\u00e7ada pelos alunos\n\t\t\t\t<\/dd><\/dl>\n\t\t\t<br style='clear: both' \/>\n\t\t<\/div>\n\n<p style=\"text-align: right\"><em>Fotos e reportagem: Daniela Agendes<\/em><\/p>\n","protected":false},"excerpt":{"rendered":"<p>Na tarde desta ter\u00e7a (18), alunos e servidores docentes e t\u00e9cnico-administrativos do Centro de Letras e Comunica\u00e7\u00e3o homenagearam a professora N\u00f3ris Eunice Wiener Pureza Duarte pela ocasi\u00e3o de sua aposentadoria. A professora foi abra\u00e7ada pelos colegas e alunos e presenteada &hellip; <a href=\"https:\/\/wp.ufpel.edu.br\/clc\/2017\/07\/18\/servidores-e-alunos-do-clc-homenageiam-professora-noris\/\">Continue lendo <span class=\"meta-nav\">&rarr;<\/span><\/a><\/p>\n","protected":false},"author":50,"featured_media":0,"comment_status":"closed","ping_status":"closed","sticky":false,"template":"","format":"standard","meta":{"footnotes":""},"categories":[33389,1],"tags":[],"class_list":["post-5436","post","type-post","status-publish","format-standard","hentry","category-docentes","category-notcias"],"jetpack_featured_media_url":"","_links":{"self":[{"href":"https:\/\/wp.ufpel.edu.br\/clc\/wp-json\/wp\/v2\/posts\/5436","targetHints":{"allow":["GET"]}}],"collection":[{"href":"https:\/\/wp.ufpel.edu.br\/clc\/wp-json\/wp\/v2\/posts"}],"about":[{"href":"https:\/\/wp.ufpel.edu.br\/clc\/wp-json\/wp\/v2\/types\/post"}],"author":[{"embeddable":true,"href":"https:\/\/wp.ufpel.edu.br\/clc\/wp-json\/wp\/v2\/users\/50"}],"replies":[{"embeddable":true,"href":"https:\/\/wp.ufpel.edu.br\/clc\/wp-json\/wp\/v2\/comments?post=5436"}],"version-history":[{"count":6,"href":"https:\/\/wp.ufpel.edu.br\/clc\/wp-json\/wp\/v2\/posts\/5436\/revisions"}],"predecessor-version":[{"id":5451,"href":"https:\/\/wp.ufpel.edu.br\/clc\/wp-json\/wp\/v2\/posts\/5436\/revisions\/5451"}],"wp:attachment":[{"href":"https:\/\/wp.ufpel.edu.br\/clc\/wp-json\/wp\/v2\/media?parent=5436"}],"wp:term":[{"taxonomy":"category","embeddable":true,"href":"https:\/\/wp.ufpel.edu.br\/clc\/wp-json\/wp\/v2\/categories?post=5436"},{"taxonomy":"post_tag","embeddable":true,"href":"https:\/\/wp.ufpel.edu.br\/clc\/wp-json\/wp\/v2\/tags?post=5436"}],"curies":[{"name":"wp","href":"https:\/\/api.w.org\/{rel}","templated":true}]}}