{"id":4367,"date":"2016-06-13T14:49:10","date_gmt":"2016-06-13T17:49:10","guid":{"rendered":"https:\/\/wp.ufpel.edu.br\/clc\/?p=4367"},"modified":"2016-06-13T14:49:10","modified_gmt":"2016-06-13T17:49:10","slug":"cancelamento-aula-inaugural-letras-14-de-junho","status":"publish","type":"post","link":"https:\/\/wp.ufpel.edu.br\/clc\/2016\/06\/13\/cancelamento-aula-inaugural-letras-14-de-junho\/","title":{"rendered":"Cancelamento Aula Inaugural Letras &#8211; 14 de junho"},"content":{"rendered":"<p>O Centro de Letras e Comunica\u00e7\u00e3o informa que por motivos de for\u00e7a maior a\u00a0aula inaugural &#8211; dia 14\/06, 19h &#8211; est\u00e1 cancelada.<\/p>\n","protected":false},"excerpt":{"rendered":"<p>O Centro de Letras e Comunica\u00e7\u00e3o informa que por motivos de for\u00e7a maior a\u00a0aula inaugural &#8211; dia 14\/06, 19h &#8211; est\u00e1 cancelada.<\/p>\n","protected":false},"author":50,"featured_media":0,"comment_status":"closed","ping_status":"closed","sticky":false,"template":"","format":"standard","meta":{"footnotes":""},"categories":[1],"tags":[],"class_list":["post-4367","post","type-post","status-publish","format-standard","hentry","category-notcias"],"jetpack_featured_media_url":"","_links":{"self":[{"href":"https:\/\/wp.ufpel.edu.br\/clc\/wp-json\/wp\/v2\/posts\/4367","targetHints":{"allow":["GET"]}}],"collection":[{"href":"https:\/\/wp.ufpel.edu.br\/clc\/wp-json\/wp\/v2\/posts"}],"about":[{"href":"https:\/\/wp.ufpel.edu.br\/clc\/wp-json\/wp\/v2\/types\/post"}],"author":[{"embeddable":true,"href":"https:\/\/wp.ufpel.edu.br\/clc\/wp-json\/wp\/v2\/users\/50"}],"replies":[{"embeddable":true,"href":"https:\/\/wp.ufpel.edu.br\/clc\/wp-json\/wp\/v2\/comments?post=4367"}],"version-history":[{"count":1,"href":"https:\/\/wp.ufpel.edu.br\/clc\/wp-json\/wp\/v2\/posts\/4367\/revisions"}],"predecessor-version":[{"id":4369,"href":"https:\/\/wp.ufpel.edu.br\/clc\/wp-json\/wp\/v2\/posts\/4367\/revisions\/4369"}],"wp:attachment":[{"href":"https:\/\/wp.ufpel.edu.br\/clc\/wp-json\/wp\/v2\/media?parent=4367"}],"wp:term":[{"taxonomy":"category","embeddable":true,"href":"https:\/\/wp.ufpel.edu.br\/clc\/wp-json\/wp\/v2\/categories?post=4367"},{"taxonomy":"post_tag","embeddable":true,"href":"https:\/\/wp.ufpel.edu.br\/clc\/wp-json\/wp\/v2\/tags?post=4367"}],"curies":[{"name":"wp","href":"https:\/\/api.w.org\/{rel}","templated":true}]}}