{"id":4362,"date":"2016-06-10T16:57:02","date_gmt":"2016-06-10T19:57:02","guid":{"rendered":"https:\/\/wp.ufpel.edu.br\/clc\/?p=4362"},"modified":"2016-06-10T16:57:02","modified_gmt":"2016-06-10T19:57:02","slug":"programa-idiomas-sem-fronteiras-lanca-campanha-do-agasalho-e-de-doacao-de-alimentos","status":"publish","type":"post","link":"https:\/\/wp.ufpel.edu.br\/clc\/2016\/06\/10\/programa-idiomas-sem-fronteiras-lanca-campanha-do-agasalho-e-de-doacao-de-alimentos\/","title":{"rendered":"Programa Idiomas Sem Fronteiras lan\u00e7a Campanha do Agasalho e de Doa\u00e7\u00e3o de Alimentos"},"content":{"rendered":"<p style=\"text-align: justify\"><a href=\"https:\/\/wp.ufpel.edu.br\/clc\/files\/2016\/06\/Campanha-2.png\"><img loading=\"lazy\" decoding=\"async\" class=\"aligncenter size-full wp-image-4364\" src=\"https:\/\/wp.ufpel.edu.br\/clc\/files\/2016\/06\/Campanha-2.png\" alt=\"Campanha (2)\" width=\"793\" height=\"1122\" \/><\/a><a href=\"https:\/\/wp.ufpel.edu.br\/clc\/files\/2016\/06\/Alimentos-2.png\"><img loading=\"lazy\" decoding=\"async\" class=\"aligncenter size-full wp-image-4365\" src=\"https:\/\/wp.ufpel.edu.br\/clc\/files\/2016\/06\/Alimentos-2.png\" alt=\"Alimentos (2)\" width=\"793\" height=\"1122\" \/><\/a><\/p>\n<div style=\"text-align: justify\">Pontos de doa\u00e7\u00e3o de alimentos n\u00e3o perec\u00edveis e de agasalhos na<\/div>\n<div style=\"text-align: justify\"><\/div>\n<div style=\"text-align: justify\">(1) sede do IDIOMAS sem FRONTEIRAS<\/div>\n<div style=\"text-align: justify\">\u00a0Barroso, 1734, nos tr\u00eas turnos<\/div>\n<div style=\"text-align: justify\"><\/div>\n<div style=\"text-align: justify\">(2) Campus Cap\u00e3o do Le\u00e3o (manh\u00e3 e tarde)<\/div>\n<div style=\"text-align: justify\"><\/div>\n<div style=\"text-align: justify\">(3) Campus Anglo (nos tr\u00eas turnos).<\/div>\n<div style=\"text-align: justify\"><\/div>\n<div style=\"text-align: justify\">\u00a0As doa\u00e7\u00f5es ser\u00e3o encaminhadas para escolas p\u00fablicas e diversas institui\u00e7\u00f5es sociais, conforme a lista que ser\u00e1 divulgada na p\u00e1gina do ISF, e nos meios de comunica\u00e7\u00e3o da UFPel, \u00a0ao longo dos pr\u00f3ximos dois meses.<\/div>\n","protected":false},"excerpt":{"rendered":"<p>Pontos de doa\u00e7\u00e3o de alimentos n\u00e3o perec\u00edveis e de agasalhos na (1) sede do IDIOMAS sem FRONTEIRAS \u00a0Barroso, 1734, nos tr\u00eas turnos (2) Campus Cap\u00e3o do Le\u00e3o (manh\u00e3 e tarde) (3) Campus Anglo (nos tr\u00eas turnos). \u00a0As doa\u00e7\u00f5es ser\u00e3o encaminhadas &hellip; <a href=\"https:\/\/wp.ufpel.edu.br\/clc\/2016\/06\/10\/programa-idiomas-sem-fronteiras-lanca-campanha-do-agasalho-e-de-doacao-de-alimentos\/\">Continue lendo <span class=\"meta-nav\">&rarr;<\/span><\/a><\/p>\n","protected":false},"author":50,"featured_media":0,"comment_status":"closed","ping_status":"closed","sticky":false,"template":"","format":"standard","meta":{"footnotes":""},"categories":[1],"tags":[],"class_list":["post-4362","post","type-post","status-publish","format-standard","hentry","category-notcias"],"jetpack_featured_media_url":"","_links":{"self":[{"href":"https:\/\/wp.ufpel.edu.br\/clc\/wp-json\/wp\/v2\/posts\/4362","targetHints":{"allow":["GET"]}}],"collection":[{"href":"https:\/\/wp.ufpel.edu.br\/clc\/wp-json\/wp\/v2\/posts"}],"about":[{"href":"https:\/\/wp.ufpel.edu.br\/clc\/wp-json\/wp\/v2\/types\/post"}],"author":[{"embeddable":true,"href":"https:\/\/wp.ufpel.edu.br\/clc\/wp-json\/wp\/v2\/users\/50"}],"replies":[{"embeddable":true,"href":"https:\/\/wp.ufpel.edu.br\/clc\/wp-json\/wp\/v2\/comments?post=4362"}],"version-history":[{"count":1,"href":"https:\/\/wp.ufpel.edu.br\/clc\/wp-json\/wp\/v2\/posts\/4362\/revisions"}],"predecessor-version":[{"id":4366,"href":"https:\/\/wp.ufpel.edu.br\/clc\/wp-json\/wp\/v2\/posts\/4362\/revisions\/4366"}],"wp:attachment":[{"href":"https:\/\/wp.ufpel.edu.br\/clc\/wp-json\/wp\/v2\/media?parent=4362"}],"wp:term":[{"taxonomy":"category","embeddable":true,"href":"https:\/\/wp.ufpel.edu.br\/clc\/wp-json\/wp\/v2\/categories?post=4362"},{"taxonomy":"post_tag","embeddable":true,"href":"https:\/\/wp.ufpel.edu.br\/clc\/wp-json\/wp\/v2\/tags?post=4362"}],"curies":[{"name":"wp","href":"https:\/\/api.w.org\/{rel}","templated":true}]}}