{"id":4168,"date":"2016-05-04T14:16:13","date_gmt":"2016-05-04T17:16:13","guid":{"rendered":"https:\/\/wp.ufpel.edu.br\/clc\/?p=4168"},"modified":"2016-05-04T14:41:19","modified_gmt":"2016-05-04T17:41:19","slug":"ppgl-divulga-conferencia-com-erico-de-assis","status":"publish","type":"post","link":"https:\/\/wp.ufpel.edu.br\/clc\/2016\/05\/04\/ppgl-divulga-conferencia-com-erico-de-assis\/","title":{"rendered":"PPGL promove Confer\u00eancia com \u00c9rico de Assis"},"content":{"rendered":"<p style=\"text-align: justify\">Acontece, no dia 02\/06, \u00e0s 19h, no Audit\u00f3rio da Reitoria, a confer\u00eancia \u201cQuadrinhos e Literatura\u201d, com \u00c9rico de Assis. As inscri\u00e7\u00f5es s\u00e3o gratuitas e j\u00e1 est\u00e3o abertas por meio do e-mail <a href=\"mailto:gfgb@terra.com.br\" target=\"_blank\">gfgb@terra.com.br<\/a>.<\/p>\n<p style=\"text-align: justify\">\u00c9rico Assis \u00e9 tradutor e jornalista. Como tradutor, colabora h\u00e1 oito anos com editoras como Companhia das Letras, Globo, Panini, Marsupial e outras, nos pares ingl\u00eas-portugu\u00eas e franc\u00eas-portugu\u00eas. Como jornalista, colabora, h\u00e1 mais de quinze anos, com o site Omelete e tem produ\u00e7\u00f5es pessoais relativas a HQ. \u00c9 mestre em Ci\u00eancias da Comunica\u00e7\u00e3o pela Universidade do Vale do Rio dos Sinos e atualmente cursa o doutorado em Estudos da Tradu\u00e7\u00e3o da Universidade Federal de Santa Catarina, com projeto sobre tradu\u00e7\u00e3o de quadrinhos \u2013\u00a0<a href=\"http:\/\/www.ericoassis.com.br\/\">http:\/\/www.ericoassis.com.br<\/a>.<\/p>\n<p style=\"text-align: justify\">O evento, promovido pelo PPGLetras UFPel, est\u00e1 sendo organizado pela Profa. Dr. Juliana Steil e ter\u00e1 a media\u00e7\u00e3o conduzida pela Profa. Dr. Beatriz Vi\u00e9gas-Faria.<\/p>\n<p style=\"text-align: justify\">\n","protected":false},"excerpt":{"rendered":"<p>Acontece, no dia 02\/06, \u00e0s 19h, no Audit\u00f3rio da Reitoria, a confer\u00eancia \u201cQuadrinhos e Literatura\u201d, com \u00c9rico de Assis. As inscri\u00e7\u00f5es s\u00e3o gratuitas e j\u00e1 est\u00e3o abertas por meio do e-mail gfgb@terra.com.br. \u00c9rico Assis \u00e9 tradutor e jornalista. Como tradutor, &hellip; <a href=\"https:\/\/wp.ufpel.edu.br\/clc\/2016\/05\/04\/ppgl-divulga-conferencia-com-erico-de-assis\/\">Continue lendo <span class=\"meta-nav\">&rarr;<\/span><\/a><\/p>\n","protected":false},"author":50,"featured_media":0,"comment_status":"closed","ping_status":"closed","sticky":false,"template":"","format":"standard","meta":{"footnotes":""},"categories":[1],"tags":[],"class_list":["post-4168","post","type-post","status-publish","format-standard","hentry","category-notcias"],"jetpack_featured_media_url":"","_links":{"self":[{"href":"https:\/\/wp.ufpel.edu.br\/clc\/wp-json\/wp\/v2\/posts\/4168","targetHints":{"allow":["GET"]}}],"collection":[{"href":"https:\/\/wp.ufpel.edu.br\/clc\/wp-json\/wp\/v2\/posts"}],"about":[{"href":"https:\/\/wp.ufpel.edu.br\/clc\/wp-json\/wp\/v2\/types\/post"}],"author":[{"embeddable":true,"href":"https:\/\/wp.ufpel.edu.br\/clc\/wp-json\/wp\/v2\/users\/50"}],"replies":[{"embeddable":true,"href":"https:\/\/wp.ufpel.edu.br\/clc\/wp-json\/wp\/v2\/comments?post=4168"}],"version-history":[{"count":3,"href":"https:\/\/wp.ufpel.edu.br\/clc\/wp-json\/wp\/v2\/posts\/4168\/revisions"}],"predecessor-version":[{"id":4178,"href":"https:\/\/wp.ufpel.edu.br\/clc\/wp-json\/wp\/v2\/posts\/4168\/revisions\/4178"}],"wp:attachment":[{"href":"https:\/\/wp.ufpel.edu.br\/clc\/wp-json\/wp\/v2\/media?parent=4168"}],"wp:term":[{"taxonomy":"category","embeddable":true,"href":"https:\/\/wp.ufpel.edu.br\/clc\/wp-json\/wp\/v2\/categories?post=4168"},{"taxonomy":"post_tag","embeddable":true,"href":"https:\/\/wp.ufpel.edu.br\/clc\/wp-json\/wp\/v2\/tags?post=4168"}],"curies":[{"name":"wp","href":"https:\/\/api.w.org\/{rel}","templated":true}]}}