{"id":4153,"date":"2016-05-02T14:12:15","date_gmt":"2016-05-02T17:12:15","guid":{"rendered":"https:\/\/wp.ufpel.edu.br\/clc\/?p=4153"},"modified":"2016-05-02T14:33:07","modified_gmt":"2016-05-02T17:33:07","slug":"reuniao-da-chapa-reconstrucao-fabiane-e-lucio","status":"publish","type":"post","link":"https:\/\/wp.ufpel.edu.br\/clc\/2016\/05\/02\/reuniao-da-chapa-reconstrucao-fabiane-e-lucio\/","title":{"rendered":"Reuni\u00e3o da Chapa Reconstru\u00e7\u00e3o &#8211; Fabiane e L\u00facio"},"content":{"rendered":"<p>A chapa RECONSTRU\u00c7\u00c3O, dos candidatos Fabiane e L\u00facio, estar\u00e1 no CLC no pr\u00f3ximo dia 05\/05, quinta-feira, das 17h \u00e0s 18:50h, na sala 113, para discutir as propostas da chapa para Reitoria da UFPel.<\/p>\n<p>Convidam todos &#8211; TAs, Docentes e Alunos &#8211; para a reuni\u00e3o.<\/p>\n<p><a href=\"https:\/\/wp.ufpel.edu.br\/clc\/files\/2016\/05\/Convite-reuni\u00e3o.jpg\"><img loading=\"lazy\" decoding=\"async\" class=\"aligncenter size-full wp-image-4155\" src=\"https:\/\/wp.ufpel.edu.br\/clc\/files\/2016\/05\/Convite-reuni\u00e3o.jpg\" alt=\"Convite reuni\u00e3o\" width=\"960\" height=\"720\" srcset=\"https:\/\/wp.ufpel.edu.br\/clc\/files\/2016\/05\/Convite-reuni\u00e3o.jpg 960w, https:\/\/wp.ufpel.edu.br\/clc\/files\/2016\/05\/Convite-reuni\u00e3o-212x159.jpg 212w, https:\/\/wp.ufpel.edu.br\/clc\/files\/2016\/05\/Convite-reuni\u00e3o-424x318.jpg 424w, https:\/\/wp.ufpel.edu.br\/clc\/files\/2016\/05\/Convite-reuni\u00e3o-768x576.jpg 768w\" sizes=\"auto, (max-width: 960px) 100vw, 960px\" \/><\/a><\/p>\n","protected":false},"excerpt":{"rendered":"<p>A chapa RECONSTRU\u00c7\u00c3O, dos candidatos Fabiane e L\u00facio, estar\u00e1 no CLC no pr\u00f3ximo dia 05\/05, quinta-feira, das 17h \u00e0s 18:50h, na sala 113, para discutir as propostas da chapa para Reitoria da UFPel. Convidam todos &#8211; TAs, Docentes e Alunos &hellip; <a href=\"https:\/\/wp.ufpel.edu.br\/clc\/2016\/05\/02\/reuniao-da-chapa-reconstrucao-fabiane-e-lucio\/\">Continue lendo <span class=\"meta-nav\">&rarr;<\/span><\/a><\/p>\n","protected":false},"author":50,"featured_media":0,"comment_status":"closed","ping_status":"closed","sticky":false,"template":"","format":"standard","meta":{"footnotes":""},"categories":[1],"tags":[],"class_list":["post-4153","post","type-post","status-publish","format-standard","hentry","category-notcias"],"jetpack_featured_media_url":"","_links":{"self":[{"href":"https:\/\/wp.ufpel.edu.br\/clc\/wp-json\/wp\/v2\/posts\/4153","targetHints":{"allow":["GET"]}}],"collection":[{"href":"https:\/\/wp.ufpel.edu.br\/clc\/wp-json\/wp\/v2\/posts"}],"about":[{"href":"https:\/\/wp.ufpel.edu.br\/clc\/wp-json\/wp\/v2\/types\/post"}],"author":[{"embeddable":true,"href":"https:\/\/wp.ufpel.edu.br\/clc\/wp-json\/wp\/v2\/users\/50"}],"replies":[{"embeddable":true,"href":"https:\/\/wp.ufpel.edu.br\/clc\/wp-json\/wp\/v2\/comments?post=4153"}],"version-history":[{"count":1,"href":"https:\/\/wp.ufpel.edu.br\/clc\/wp-json\/wp\/v2\/posts\/4153\/revisions"}],"predecessor-version":[{"id":4156,"href":"https:\/\/wp.ufpel.edu.br\/clc\/wp-json\/wp\/v2\/posts\/4153\/revisions\/4156"}],"wp:attachment":[{"href":"https:\/\/wp.ufpel.edu.br\/clc\/wp-json\/wp\/v2\/media?parent=4153"}],"wp:term":[{"taxonomy":"category","embeddable":true,"href":"https:\/\/wp.ufpel.edu.br\/clc\/wp-json\/wp\/v2\/categories?post=4153"},{"taxonomy":"post_tag","embeddable":true,"href":"https:\/\/wp.ufpel.edu.br\/clc\/wp-json\/wp\/v2\/tags?post=4153"}],"curies":[{"name":"wp","href":"https:\/\/api.w.org\/{rel}","templated":true}]}}