{"id":4146,"date":"2016-04-27T16:28:08","date_gmt":"2016-04-27T19:28:08","guid":{"rendered":"https:\/\/wp.ufpel.edu.br\/clc\/?p=4146"},"modified":"2016-04-27T16:28:08","modified_gmt":"2016-04-27T19:28:08","slug":"clc-divulga-nota-de-repudio","status":"publish","type":"post","link":"https:\/\/wp.ufpel.edu.br\/clc\/2016\/04\/27\/clc-divulga-nota-de-repudio\/","title":{"rendered":"CLC divulga Nota de Rep\u00fadio"},"content":{"rendered":"<h3 style=\"text-align: justify\">O Conselho do Centro de Letras e Comunica\u00e7\u00e3o, em sua\u00a0reuni\u00e3o de 12 de abril de 2016, tomou conhecimento de\u00a0den\u00fancia de racismo ocorrido no \u00e2mbito da Unidade e, por\u00a0unanimidade, deliberou por divulgar a seguinte nota:<\/h3>\n<h3 style=\"text-align: center\">Nota de Rep\u00fadio<\/h3>\n<p style=\"text-align: justify\">O Conselho do Centro de Letras e Comunica\u00e7\u00e3o vem a p\u00fablico\u00a0manifestar seu rep\u00fadio a toda atitude ou manifesta\u00e7\u00e3o que\u00a0configure qualquer tipo de preconceito, seja de ra\u00e7a, credo, g\u00eanero,\u00a0orienta\u00e7\u00e3o sexual, condi\u00e7\u00e3o social, origem geogr\u00e1fica ou cultural.<\/p>\n<p style=\"text-align: justify\">Como Unidade Acad\u00eamica plural e diversa, o CLC reafirma a\u00a0necessidade de se combater toda forma de discrimina\u00e7\u00e3o que\u00a0afronte a dignidade da pessoa humana, em qualquer contexto e em\u00a0qualquer n\u00edvel das rela\u00e7\u00f5es que envolvam docentes, estudantes e\u00a0t\u00e9cnicos administrativos em educa\u00e7\u00e3o.<\/p>\n<p style=\"text-align: justify\">Reconhece que o respeito \u00e0 diversidade que nos caracteriza como\u00a0Unidade \u00e9 uma forma de superar os not\u00f3rios tra\u00e7os de preconceito\u00a0que est\u00e3o nos mais diversos \u00e2mbitos do nosso conv\u00edvio social,\u00a0assim como tamb\u00e9m nas rela\u00e7\u00f5es institucionais, ainda que sejam\u00a0tratados de forma velada.<\/p>\n<p style=\"text-align: justify\">O Conselho do Centro conclama toda a comunidade acad\u00eamica do\u00a0CLC a assumir o seu papel na supera\u00e7\u00e3o das injusti\u00e7as hist\u00f3ricas\u00a0contra grupos como negros, ind\u00edgenas, mulheres e LGBTs e a\u00a0contribuir, de forma eficaz, para a cria\u00e7\u00e3o de um ambiente\u00a0acad\u00eamico saud\u00e1vel e respeitoso para desenvolver o\u00a0conhecimento em todos os n\u00edveis.<\/p>\n<p style=\"text-align: justify\">Por fim, este conselho acredita no CLC como um lugar de di\u00e1logo e\u00a0de respeito m\u00fatuo, onde todas as pessoas tenham seus direitos\u00a0garantidos e n\u00e3o haja mais espa\u00e7o para quaisquer preconceitos,\u00a0que devem ser combatidos, denunciados, repudiados e,\u00a0definitivamente, superados para o bem da nossa sociedade.<\/p>\n<p style=\"text-align: justify\">Pelotas-RS, 22 de abril de 2016.<\/p>\n","protected":false},"excerpt":{"rendered":"<p>O Conselho do Centro de Letras e Comunica\u00e7\u00e3o, em sua\u00a0reuni\u00e3o de 12 de abril de 2016, tomou conhecimento de\u00a0den\u00fancia de racismo ocorrido no \u00e2mbito da Unidade e, por\u00a0unanimidade, deliberou por divulgar a seguinte nota: Nota de Rep\u00fadio O Conselho do &hellip; <a href=\"https:\/\/wp.ufpel.edu.br\/clc\/2016\/04\/27\/clc-divulga-nota-de-repudio\/\">Continue lendo <span class=\"meta-nav\">&rarr;<\/span><\/a><\/p>\n","protected":false},"author":50,"featured_media":0,"comment_status":"closed","ping_status":"closed","sticky":false,"template":"","format":"standard","meta":{"footnotes":""},"categories":[1],"tags":[],"class_list":["post-4146","post","type-post","status-publish","format-standard","hentry","category-notcias"],"jetpack_featured_media_url":"","_links":{"self":[{"href":"https:\/\/wp.ufpel.edu.br\/clc\/wp-json\/wp\/v2\/posts\/4146","targetHints":{"allow":["GET"]}}],"collection":[{"href":"https:\/\/wp.ufpel.edu.br\/clc\/wp-json\/wp\/v2\/posts"}],"about":[{"href":"https:\/\/wp.ufpel.edu.br\/clc\/wp-json\/wp\/v2\/types\/post"}],"author":[{"embeddable":true,"href":"https:\/\/wp.ufpel.edu.br\/clc\/wp-json\/wp\/v2\/users\/50"}],"replies":[{"embeddable":true,"href":"https:\/\/wp.ufpel.edu.br\/clc\/wp-json\/wp\/v2\/comments?post=4146"}],"version-history":[{"count":1,"href":"https:\/\/wp.ufpel.edu.br\/clc\/wp-json\/wp\/v2\/posts\/4146\/revisions"}],"predecessor-version":[{"id":4148,"href":"https:\/\/wp.ufpel.edu.br\/clc\/wp-json\/wp\/v2\/posts\/4146\/revisions\/4148"}],"wp:attachment":[{"href":"https:\/\/wp.ufpel.edu.br\/clc\/wp-json\/wp\/v2\/media?parent=4146"}],"wp:term":[{"taxonomy":"category","embeddable":true,"href":"https:\/\/wp.ufpel.edu.br\/clc\/wp-json\/wp\/v2\/categories?post=4146"},{"taxonomy":"post_tag","embeddable":true,"href":"https:\/\/wp.ufpel.edu.br\/clc\/wp-json\/wp\/v2\/tags?post=4146"}],"curies":[{"name":"wp","href":"https:\/\/api.w.org\/{rel}","templated":true}]}}