{"id":4124,"date":"2016-04-27T15:00:30","date_gmt":"2016-04-27T18:00:30","guid":{"rendered":"https:\/\/wp.ufpel.edu.br\/clc\/?p=4124"},"modified":"2016-05-09T14:50:35","modified_gmt":"2016-05-09T17:50:35","slug":"aulas-da-area-de-literatura-iniciam-na-proxima-semana","status":"publish","type":"post","link":"https:\/\/wp.ufpel.edu.br\/clc\/2016\/04\/27\/aulas-da-area-de-literatura-iniciam-na-proxima-semana\/","title":{"rendered":"Aulas da \u00c1rea de Literatura e Jornalismo iniciam na pr\u00f3xima semana"},"content":{"rendered":"<p>&nbsp;<\/p>\n<p style=\"text-align: justify\">Informamos que a partir da pr\u00f3xima semana come\u00e7ar\u00e3o as aulas das seguintes disciplinas:<\/p>\n<p>&nbsp;<\/p>\n<p style=\"text-align: justify\"><strong>Panorama Cultural da Literatura Brasileira II &#8211; M1<\/strong><\/p>\n<p style=\"text-align: justify\">Ter\u00e7a-feira (19 h)<\/p>\n<p style=\"text-align: justify\">Curso: Licenciatura em Letras &#8211; Portugu\u00eas<\/p>\n<p style=\"text-align: justify\">Professora: Fabiane Resende<\/p>\n<p>&nbsp;<\/p>\n<p style=\"text-align: justify\"><strong>Panorama Cultural da Literatura Brasileira II &#8211; M2 <\/strong><\/p>\n<p style=\"text-align: justify\">Quinta-feira (15:10 \u00e0s 16:50) e Sexta-feira (17:10 \u00e0s 18:50)<\/p>\n<p style=\"text-align: justify\">Cursos: Licenciaturas em Letras &#8211; Franc\u00eas, Ingl\u00eas, Espanhol e Alem\u00e3o<\/p>\n<p style=\"text-align: justify\">Professora: Fabiane Resende<\/p>\n<p>&nbsp;<\/p>\n<p style=\"text-align: justify\"><strong>Estudos Liter\u00e1rios I<\/strong><\/p>\n<p style=\"text-align: justify\">Quarta-feira (19 h)<\/p>\n<p style=\"text-align: justify\">Cursos: Bacharelados em Letras &#8211; Reda\u00e7\u00e3o e Revis\u00e3o de Textos e Tradu\u00e7\u00f5es (Espanhol\/Portugu\u00eas e Ingl\u00eas\/Portugu\u00eas)<\/p>\n<p style=\"text-align: justify\">Professora: Fabiane Resende<\/p>\n<p><strong>Introdu\u00e7\u00e3o \u00e0 Comunica\u00e7\u00e3o <\/strong><\/p>\n<p>Segunda-feira<\/p>\n<p>Professora: Larissa Azubel<\/p>\n<p>&nbsp;<\/p>\n<p><strong>Fundamentos da Comunica\u00e7\u00e3o Digital <\/strong><\/p>\n<p>Ter\u00e7a-feira<\/p>\n<p>Professora: Larissa Azubel<\/p>\n<p>&nbsp;<\/p>\n<p><strong>Teorias da Comunica\u00e7\u00e3o<\/strong><\/p>\n<p>Quinta-feira<\/p>\n<p>Professora: Larissa Azubel<\/p>\n<p>&nbsp;<\/p>\n","protected":false},"excerpt":{"rendered":"<p>&nbsp; Informamos que a partir da pr\u00f3xima semana come\u00e7ar\u00e3o as aulas das seguintes disciplinas: &nbsp; Panorama Cultural da Literatura Brasileira II &#8211; M1 Ter\u00e7a-feira (19 h) Curso: Licenciatura em Letras &#8211; Portugu\u00eas Professora: Fabiane Resende &nbsp; Panorama Cultural da Literatura &hellip; <a href=\"https:\/\/wp.ufpel.edu.br\/clc\/2016\/04\/27\/aulas-da-area-de-literatura-iniciam-na-proxima-semana\/\">Continue lendo <span class=\"meta-nav\">&rarr;<\/span><\/a><\/p>\n","protected":false},"author":50,"featured_media":0,"comment_status":"closed","ping_status":"closed","sticky":false,"template":"","format":"standard","meta":{"footnotes":""},"categories":[1],"tags":[],"class_list":["post-4124","post","type-post","status-publish","format-standard","hentry","category-notcias"],"jetpack_featured_media_url":"","_links":{"self":[{"href":"https:\/\/wp.ufpel.edu.br\/clc\/wp-json\/wp\/v2\/posts\/4124","targetHints":{"allow":["GET"]}}],"collection":[{"href":"https:\/\/wp.ufpel.edu.br\/clc\/wp-json\/wp\/v2\/posts"}],"about":[{"href":"https:\/\/wp.ufpel.edu.br\/clc\/wp-json\/wp\/v2\/types\/post"}],"author":[{"embeddable":true,"href":"https:\/\/wp.ufpel.edu.br\/clc\/wp-json\/wp\/v2\/users\/50"}],"replies":[{"embeddable":true,"href":"https:\/\/wp.ufpel.edu.br\/clc\/wp-json\/wp\/v2\/comments?post=4124"}],"version-history":[{"count":13,"href":"https:\/\/wp.ufpel.edu.br\/clc\/wp-json\/wp\/v2\/posts\/4124\/revisions"}],"predecessor-version":[{"id":4200,"href":"https:\/\/wp.ufpel.edu.br\/clc\/wp-json\/wp\/v2\/posts\/4124\/revisions\/4200"}],"wp:attachment":[{"href":"https:\/\/wp.ufpel.edu.br\/clc\/wp-json\/wp\/v2\/media?parent=4124"}],"wp:term":[{"taxonomy":"category","embeddable":true,"href":"https:\/\/wp.ufpel.edu.br\/clc\/wp-json\/wp\/v2\/categories?post=4124"},{"taxonomy":"post_tag","embeddable":true,"href":"https:\/\/wp.ufpel.edu.br\/clc\/wp-json\/wp\/v2\/tags?post=4124"}],"curies":[{"name":"wp","href":"https:\/\/api.w.org\/{rel}","templated":true}]}}