{"id":4121,"date":"2016-04-25T16:58:11","date_gmt":"2016-04-25T19:58:11","guid":{"rendered":"https:\/\/wp.ufpel.edu.br\/clc\/?p=4121"},"modified":"2016-04-25T16:58:11","modified_gmt":"2016-04-25T19:58:11","slug":"ppg-letras-promove-eventos-nesta-semana","status":"publish","type":"post","link":"https:\/\/wp.ufpel.edu.br\/clc\/2016\/04\/25\/ppg-letras-promove-eventos-nesta-semana\/","title":{"rendered":"PPG Letras promove eventos nesta semana"},"content":{"rendered":"<div class=\"gmail_extra\"><b>25\/04<\/b><\/div>\n<div class=\"gmail_extra\">18h<\/div>\n<div class=\"gmail_extra\">Audit\u00f3rio da Reitoria<\/div>\n<div class=\"gmail_extra\">&#8220;4o Navegar \u00e9 Preciso&#8221; &#8211; Viagens liter\u00e1rias: a literatura comparada discutida em terras pr\u00f3ximas a Pelotas<\/div>\n<div class=\"gmail_extra\">Ra\u00edssa Cardoso Amaral (Mestranda PPGL-UFPel\/CAPES)<\/div>\n<div class=\"gmail_extra\">Inscri\u00e7\u00f5es:\u00a0\u00a0<a href=\"mailto:issa.amaral@hotmail.com\" target=\"_blank\">issa.amaral@hotmail.com<\/a><\/div>\n<div class=\"gmail_extra\"><\/div>\n<div class=\"gmail_extra\"><b>28\/04<\/b><\/div>\n<div class=\"gmail_extra\">\n<div class=\"gmail_extra\">18h<\/div>\n<div class=\"gmail_extra\">Audit\u00f3rio da Reitoria<\/div>\n<div class=\"gmail_extra\">&#8220;5o Navegar \u00e9 Preciso&#8221; &#8211; Praias nordestinas e lungu\u00edstica? Relatos sobre a VII Confer\u00eancia Lingu\u00edstica e Cogni\u00e7\u00e3o em Jo\u00e3o Pessoa<\/div>\n<div class=\"gmail_extra\">Lucas Mario da Cu\u00f1a Badaracco (Doutorando UFSC\/CAPES)<\/div>\n<div class=\"gmail_extra\">Inscri\u00e7\u00f5es: <span style=\"color: #2c2b2b;font-family: arial\"><a href=\"mailto:gfgb@terra.com.br\" target=\"_blank\">gfgb@terra.com.br<\/a><\/span><\/div>\n<\/div>\n<div class=\"gmail_extra\"><\/div>\n<div class=\"gmail_extra\">Mais informa\u00e7\u00f5es em:\u00a0<a href=\"https:\/\/wp.ufpel.edu.br\/ppgl\/\">PPGL<\/a><\/div>\n","protected":false},"excerpt":{"rendered":"<p>25\/04 18h Audit\u00f3rio da Reitoria &#8220;4o Navegar \u00e9 Preciso&#8221; &#8211; Viagens liter\u00e1rias: a literatura comparada discutida em terras pr\u00f3ximas a Pelotas Ra\u00edssa Cardoso Amaral (Mestranda PPGL-UFPel\/CAPES) Inscri\u00e7\u00f5es:\u00a0\u00a0issa.amaral@hotmail.com 28\/04 18h Audit\u00f3rio da Reitoria &#8220;5o Navegar \u00e9 Preciso&#8221; &#8211; Praias nordestinas e &hellip; <a href=\"https:\/\/wp.ufpel.edu.br\/clc\/2016\/04\/25\/ppg-letras-promove-eventos-nesta-semana\/\">Continue lendo <span class=\"meta-nav\">&rarr;<\/span><\/a><\/p>\n","protected":false},"author":50,"featured_media":0,"comment_status":"closed","ping_status":"closed","sticky":false,"template":"","format":"standard","meta":{"footnotes":""},"categories":[1],"tags":[],"class_list":["post-4121","post","type-post","status-publish","format-standard","hentry","category-notcias"],"jetpack_featured_media_url":"","_links":{"self":[{"href":"https:\/\/wp.ufpel.edu.br\/clc\/wp-json\/wp\/v2\/posts\/4121","targetHints":{"allow":["GET"]}}],"collection":[{"href":"https:\/\/wp.ufpel.edu.br\/clc\/wp-json\/wp\/v2\/posts"}],"about":[{"href":"https:\/\/wp.ufpel.edu.br\/clc\/wp-json\/wp\/v2\/types\/post"}],"author":[{"embeddable":true,"href":"https:\/\/wp.ufpel.edu.br\/clc\/wp-json\/wp\/v2\/users\/50"}],"replies":[{"embeddable":true,"href":"https:\/\/wp.ufpel.edu.br\/clc\/wp-json\/wp\/v2\/comments?post=4121"}],"version-history":[{"count":1,"href":"https:\/\/wp.ufpel.edu.br\/clc\/wp-json\/wp\/v2\/posts\/4121\/revisions"}],"predecessor-version":[{"id":4123,"href":"https:\/\/wp.ufpel.edu.br\/clc\/wp-json\/wp\/v2\/posts\/4121\/revisions\/4123"}],"wp:attachment":[{"href":"https:\/\/wp.ufpel.edu.br\/clc\/wp-json\/wp\/v2\/media?parent=4121"}],"wp:term":[{"taxonomy":"category","embeddable":true,"href":"https:\/\/wp.ufpel.edu.br\/clc\/wp-json\/wp\/v2\/categories?post=4121"},{"taxonomy":"post_tag","embeddable":true,"href":"https:\/\/wp.ufpel.edu.br\/clc\/wp-json\/wp\/v2\/tags?post=4121"}],"curies":[{"name":"wp","href":"https:\/\/api.w.org\/{rel}","templated":true}]}}