{"id":4093,"date":"2016-04-18T16:48:33","date_gmt":"2016-04-18T19:48:33","guid":{"rendered":"https:\/\/wp.ufpel.edu.br\/clc\/?p=4093"},"modified":"2016-04-27T15:02:39","modified_gmt":"2016-04-27T18:02:39","slug":"funcionamento-sera-normal-na-sexta-22-na-ufpel","status":"publish","type":"post","link":"https:\/\/wp.ufpel.edu.br\/clc\/2016\/04\/18\/funcionamento-sera-normal-na-sexta-22-na-ufpel\/","title":{"rendered":"Funcionamento ser\u00e1 normal na sexta (22) na UFPel"},"content":{"rendered":"<p style=\"text-align: justify\">Na sexta-feira (22), as atividades acad\u00eamicas e administrativas ser\u00e3o normais na UFPel. Conforme a Pr\u00f3-Reitoria de Gradua\u00e7\u00e3o, isso se d\u00e1 porque caso houvesse um feriad\u00e3o agora n\u00e3o seriam completados os cem dias letivos necess\u00e1rios para o fechamento de um semestre, o que causaria atrasos em diversas obriga\u00e7\u00f5es, como per\u00edodo de exames, solicita\u00e7\u00e3o, processamento e corre\u00e7\u00e3o de matr\u00edculas, etc.<\/p>\n<p style=\"text-align: justify\">A coordenadora do Registros Acad\u00eamicos, Emileni Tessmer, diz que \u201cfoi feito um estudo, e apesar de entendermos que muitos estudantes n\u00e3o s\u00e3o da cidade e de que se interessariam em visitar suas fam\u00edlias, o feriad\u00e3o se torna invi\u00e1vel\u201d. Se ocorresse, todos os prazos de datas do semestre teriam que ser revistos, havendo possibilidade de o per\u00edodo de exames ocorrer em janeiro. Portanto, na sexta-feira haver\u00e1 aula normal na Universidade.<\/p>\n<p>Fonte:\u00a0<a href=\"http:\/\/ccs2.ufpel.edu.br\/wp\/2016\/04\/18\/funcionamento-sera-normal-na-sexta-22-na-ufpel\/\">Portal da UFPel<\/a><\/p>\n","protected":false},"excerpt":{"rendered":"<p>Na sexta-feira (22), as atividades acad\u00eamicas e administrativas ser\u00e3o normais na UFPel. Conforme a Pr\u00f3-Reitoria de Gradua\u00e7\u00e3o, isso se d\u00e1 porque caso houvesse um feriad\u00e3o agora n\u00e3o seriam completados os cem dias letivos necess\u00e1rios para o fechamento de um semestre, &hellip; <a href=\"https:\/\/wp.ufpel.edu.br\/clc\/2016\/04\/18\/funcionamento-sera-normal-na-sexta-22-na-ufpel\/\">Continue lendo <span class=\"meta-nav\">&rarr;<\/span><\/a><\/p>\n","protected":false},"author":50,"featured_media":0,"comment_status":"closed","ping_status":"closed","sticky":false,"template":"","format":"standard","meta":{"footnotes":""},"categories":[1],"tags":[],"class_list":["post-4093","post","type-post","status-publish","format-standard","hentry","category-notcias"],"jetpack_featured_media_url":"","_links":{"self":[{"href":"https:\/\/wp.ufpel.edu.br\/clc\/wp-json\/wp\/v2\/posts\/4093","targetHints":{"allow":["GET"]}}],"collection":[{"href":"https:\/\/wp.ufpel.edu.br\/clc\/wp-json\/wp\/v2\/posts"}],"about":[{"href":"https:\/\/wp.ufpel.edu.br\/clc\/wp-json\/wp\/v2\/types\/post"}],"author":[{"embeddable":true,"href":"https:\/\/wp.ufpel.edu.br\/clc\/wp-json\/wp\/v2\/users\/50"}],"replies":[{"embeddable":true,"href":"https:\/\/wp.ufpel.edu.br\/clc\/wp-json\/wp\/v2\/comments?post=4093"}],"version-history":[{"count":1,"href":"https:\/\/wp.ufpel.edu.br\/clc\/wp-json\/wp\/v2\/posts\/4093\/revisions"}],"predecessor-version":[{"id":4095,"href":"https:\/\/wp.ufpel.edu.br\/clc\/wp-json\/wp\/v2\/posts\/4093\/revisions\/4095"}],"wp:attachment":[{"href":"https:\/\/wp.ufpel.edu.br\/clc\/wp-json\/wp\/v2\/media?parent=4093"}],"wp:term":[{"taxonomy":"category","embeddable":true,"href":"https:\/\/wp.ufpel.edu.br\/clc\/wp-json\/wp\/v2\/categories?post=4093"},{"taxonomy":"post_tag","embeddable":true,"href":"https:\/\/wp.ufpel.edu.br\/clc\/wp-json\/wp\/v2\/tags?post=4093"}],"curies":[{"name":"wp","href":"https:\/\/api.w.org\/{rel}","templated":true}]}}