{"id":3736,"date":"2015-12-02T17:46:40","date_gmt":"2015-12-02T19:46:40","guid":{"rendered":"https:\/\/wp.ufpel.edu.br\/clc\/?p=3736"},"modified":"2017-06-02T18:47:06","modified_gmt":"2017-06-02T21:47:06","slug":"eleita-nova-chefe-da-camara-de-extensao","status":"publish","type":"post","link":"https:\/\/wp.ufpel.edu.br\/clc\/2015\/12\/02\/eleita-nova-chefe-da-camara-de-extensao\/","title":{"rendered":"Eleita nova chefe da C\u00e2mara de Extens\u00e3o"},"content":{"rendered":"<p>A C\u00e2mara de Extens\u00e3o (CaExt) do Centro de Letras e Comunica\u00e7\u00e3o divulga o resultado da elei\u00e7\u00e3o para o cargo de Chefe da CaExt:<\/p>\n<ul>\n<li><strong>Prof\u00aa Dr\u00aa Vanessa Doumid Damasceno<\/strong><\/li>\n<\/ul>\n<p>A elei\u00e7\u00e3o da Chefia da C\u00e2mara de Extens\u00e3o ocorreu em reuni\u00e3o no dia 02\/12\/2015 (quarta-feira), \u00e0s 10h, na sala dos professores, com a presen\u00e7a dos membros representantes das \u00e1reas do CLC na CaExt.<\/p>\n<p>Confira como foi o processo de elei\u00e7\u00e3o nos arquivos:<\/p>\n<p><a href=\"https:\/\/wp.ufpel.edu.br\/clc\/files\/2015\/12\/Edital-010_2015-elei\u00e7\u00f5es-caext-2015.docx.doc\">Edital 010_2015 elei\u00e7\u00f5es caext 2015<\/a><\/p>\n<p><a href=\"https:\/\/wp.ufpel.edu.br\/clc\/files\/2015\/12\/Edital-010_2015-Homologa\u00e7\u00e3o-candidata-chefe-caext.docx\">Homologa\u00e7\u00e3o candidata chefe caext<\/a><a href=\"https:\/\/wp.ufpel.edu.br\/clc\/files\/2015\/12\/Edital-010_2015-elei\u00e7\u00f5es-caext-2015.jpg\"><br \/>\n<\/a><a href=\"https:\/\/wp.ufpel.edu.br\/clc\/files\/2015\/12\/Edital-010_2015-Resultado-chefe-caext.docx\">Resultado chefe caext<\/a><\/p>\n","protected":false},"excerpt":{"rendered":"<p>A C\u00e2mara de Extens\u00e3o (CaExt) do Centro de Letras e Comunica\u00e7\u00e3o divulga o resultado da elei\u00e7\u00e3o para o cargo de Chefe da CaExt: Prof\u00aa Dr\u00aa Vanessa Doumid Damasceno A elei\u00e7\u00e3o da Chefia da C\u00e2mara de Extens\u00e3o ocorreu em reuni\u00e3o no &hellip; <a href=\"https:\/\/wp.ufpel.edu.br\/clc\/2015\/12\/02\/eleita-nova-chefe-da-camara-de-extensao\/\">Continue lendo <span class=\"meta-nav\">&rarr;<\/span><\/a><\/p>\n","protected":false},"author":50,"featured_media":0,"comment_status":"closed","ping_status":"closed","sticky":false,"template":"","format":"standard","meta":{"footnotes":""},"categories":[33385,1],"tags":[],"class_list":["post-3736","post","type-post","status-publish","format-standard","hentry","category-editais-e-resultados","category-notcias"],"jetpack_featured_media_url":"","_links":{"self":[{"href":"https:\/\/wp.ufpel.edu.br\/clc\/wp-json\/wp\/v2\/posts\/3736","targetHints":{"allow":["GET"]}}],"collection":[{"href":"https:\/\/wp.ufpel.edu.br\/clc\/wp-json\/wp\/v2\/posts"}],"about":[{"href":"https:\/\/wp.ufpel.edu.br\/clc\/wp-json\/wp\/v2\/types\/post"}],"author":[{"embeddable":true,"href":"https:\/\/wp.ufpel.edu.br\/clc\/wp-json\/wp\/v2\/users\/50"}],"replies":[{"embeddable":true,"href":"https:\/\/wp.ufpel.edu.br\/clc\/wp-json\/wp\/v2\/comments?post=3736"}],"version-history":[{"count":1,"href":"https:\/\/wp.ufpel.edu.br\/clc\/wp-json\/wp\/v2\/posts\/3736\/revisions"}],"predecessor-version":[{"id":3742,"href":"https:\/\/wp.ufpel.edu.br\/clc\/wp-json\/wp\/v2\/posts\/3736\/revisions\/3742"}],"wp:attachment":[{"href":"https:\/\/wp.ufpel.edu.br\/clc\/wp-json\/wp\/v2\/media?parent=3736"}],"wp:term":[{"taxonomy":"category","embeddable":true,"href":"https:\/\/wp.ufpel.edu.br\/clc\/wp-json\/wp\/v2\/categories?post=3736"},{"taxonomy":"post_tag","embeddable":true,"href":"https:\/\/wp.ufpel.edu.br\/clc\/wp-json\/wp\/v2\/tags?post=3736"}],"curies":[{"name":"wp","href":"https:\/\/api.w.org\/{rel}","templated":true}]}}