{"id":3716,"date":"2015-11-27T14:49:10","date_gmt":"2015-11-27T16:49:10","guid":{"rendered":"https:\/\/wp.ufpel.edu.br\/clc\/?p=3716"},"modified":"2015-12-02T14:45:38","modified_gmt":"2015-12-02T16:45:38","slug":"teatro-em-frances-se-apresenta-no-dia-4","status":"publish","type":"post","link":"https:\/\/wp.ufpel.edu.br\/clc\/2015\/11\/27\/teatro-em-frances-se-apresenta-no-dia-4\/","title":{"rendered":"Teatro em Franc\u00eas se apresenta no dia 4"},"content":{"rendered":"<p style=\"text-align: justify\">No dia 4 de dezembro, \u00e0s 20h, no Casar\u00e3o 8 da pra\u00e7a Coronel Pedro Os\u00f3rio, os cursos de Licenciatura em Franc\u00eas e de Teatro da UFPel apresentar\u00e3o a adapta\u00e7\u00e3o de dois cl\u00e1ssicos da literatura francesa, a com\u00e9dia \u201cLe M\u00e9decin malgr\u00e9 lui\u201d, de Moli\u00e8re, e a farsa francesa da idade m\u00e9dia \u201cLe Vilain Mire\u201d.<\/p>\n<p style=\"text-align: justify\">A leitura dram\u00e1tica dos textos, em franc\u00eas, far\u00e1 parte da 6\u00aa Edi\u00e7\u00e3o do Teatro em Franc\u00eas. A adapta\u00e7\u00e3o dos textos e produ\u00e7\u00e3o foi feita pelas professoras Fernanda Vieira Fernandes, Maria Laura Alves, Maristela Machado, Mariza Zanini, Isabella Mozzillo e Lu\u00edsa Vargas.<\/p>\n<p style=\"text-align: justify\">\u201cLe M\u00e9decin malgr\u00e9 lui\u201d (O doutor apesar de si mesmo) \u00e9 uma com\u00e9dia de Moli\u00e9re de 1666 inspirada na farsa francesa \u201cLe Vilain Mire\u201d (o campon\u00eas m\u00e9dico), que satiriza algumas pr\u00e1ticas m\u00e9dicas da \u00e9poca e, ao fundo, \u00e9 uma cr\u00edtica sobre costumes e religi\u00e3o.<\/p>\n<p style=\"text-align: justify\">Fernanda Vieira Fernandes explica que \u201cser\u00e3o apresentadas as leituras dos dois textos, primeiro a farsa, depois a com\u00e9dia\u201d.<\/p>\n<p style=\"text-align: justify\">O elenco \u00e9 formado por Bruna Franchini, Carolina Piovesan, Chayane Ferreira, Diego Brito, Fernanda Vieira Fernandes, Ian de Mello, Isabella Paiva, Isabella Mozzillo, Jo\u00e3o Henrique Barbosa, Joilma Reis, J\u00falia Costa Mendes, Karen Acosta, Lu\u00edsa Vargas, Maria Laura Alves e N\u00edcollas Cayann,<\/p>\n<p style=\"text-align: justify\">A apresenta\u00e7\u00e3o \u00e9 aberta ao p\u00fablico e a entrada \u00e9 gratuita.<\/p>\n<p style=\"text-align: justify\"><span style=\"font-family: Arial,sans-serif\">Fonte: <a href=\"http:\/\/ccs2.ufpel.edu.br\/wp\/2015\/11\/26\/sera-no-dia-4-a-6a-edicao-do-teatro-em-frances\/\">Portal da UFPel<\/a><br \/>\n<\/span><\/p>\n","protected":false},"excerpt":{"rendered":"<p>No dia 4 de dezembro, \u00e0s 20h, no Casar\u00e3o 8 da pra\u00e7a Coronel Pedro Os\u00f3rio, os cursos de Licenciatura em Franc\u00eas e de Teatro da UFPel apresentar\u00e3o a adapta\u00e7\u00e3o de dois cl\u00e1ssicos da literatura francesa, a com\u00e9dia \u201cLe M\u00e9decin malgr\u00e9 &hellip; <a href=\"https:\/\/wp.ufpel.edu.br\/clc\/2015\/11\/27\/teatro-em-frances-se-apresenta-no-dia-4\/\">Continue lendo <span class=\"meta-nav\">&rarr;<\/span><\/a><\/p>\n","protected":false},"author":50,"featured_media":0,"comment_status":"closed","ping_status":"closed","sticky":false,"template":"","format":"standard","meta":{"footnotes":""},"categories":[1],"tags":[],"class_list":["post-3716","post","type-post","status-publish","format-standard","hentry","category-notcias"],"jetpack_featured_media_url":"","_links":{"self":[{"href":"https:\/\/wp.ufpel.edu.br\/clc\/wp-json\/wp\/v2\/posts\/3716","targetHints":{"allow":["GET"]}}],"collection":[{"href":"https:\/\/wp.ufpel.edu.br\/clc\/wp-json\/wp\/v2\/posts"}],"about":[{"href":"https:\/\/wp.ufpel.edu.br\/clc\/wp-json\/wp\/v2\/types\/post"}],"author":[{"embeddable":true,"href":"https:\/\/wp.ufpel.edu.br\/clc\/wp-json\/wp\/v2\/users\/50"}],"replies":[{"embeddable":true,"href":"https:\/\/wp.ufpel.edu.br\/clc\/wp-json\/wp\/v2\/comments?post=3716"}],"version-history":[{"count":3,"href":"https:\/\/wp.ufpel.edu.br\/clc\/wp-json\/wp\/v2\/posts\/3716\/revisions"}],"predecessor-version":[{"id":3734,"href":"https:\/\/wp.ufpel.edu.br\/clc\/wp-json\/wp\/v2\/posts\/3716\/revisions\/3734"}],"wp:attachment":[{"href":"https:\/\/wp.ufpel.edu.br\/clc\/wp-json\/wp\/v2\/media?parent=3716"}],"wp:term":[{"taxonomy":"category","embeddable":true,"href":"https:\/\/wp.ufpel.edu.br\/clc\/wp-json\/wp\/v2\/categories?post=3716"},{"taxonomy":"post_tag","embeddable":true,"href":"https:\/\/wp.ufpel.edu.br\/clc\/wp-json\/wp\/v2\/tags?post=3716"}],"curies":[{"name":"wp","href":"https:\/\/api.w.org\/{rel}","templated":true}]}}