{"id":3696,"date":"2015-11-20T15:23:16","date_gmt":"2015-11-20T17:23:16","guid":{"rendered":"https:\/\/wp.ufpel.edu.br\/clc\/?p=3696"},"modified":"2015-11-20T15:24:32","modified_gmt":"2015-11-20T17:24:32","slug":"aviso-aos-formandos-sobre-certificados-de-extensao-2","status":"publish","type":"post","link":"https:\/\/wp.ufpel.edu.br\/clc\/2015\/11\/20\/aviso-aos-formandos-sobre-certificados-de-extensao-2\/","title":{"rendered":"Aviso aos formandos sobre certificados de extens\u00e3o"},"content":{"rendered":"<p style=\"text-align: justify\">A C\u00e2mara de Extens\u00e3o (CaExt) \u00a0do Centro de Letras e Comunica\u00e7\u00e3o lembra aos <strong>formandos de 2015\/2 que retirem com anteced\u00eancia os atestados e\/ou certificados de projetos extens\u00e3o <\/strong>de que participaram, para posterior entrega no colegiado, a fim de contabilizar as <strong>horas complementares<\/strong> necess\u00e1rias. \u00c9 poss\u00edvel emitir atestados de projetos que ainda n\u00e3o t\u00eam certificados prontos, desde que com tempo h\u00e1bil de <strong>uma semana para confec\u00e7\u00e3o.<\/strong><\/p>\n<p style=\"text-align: justify\"><a href=\"https:\/\/wp.ufpel.edu.br\/clc\/files\/2011\/11\/CERTIFICADOS-CaExt-2008-2015.doc\">Neste arquivo<\/a>, est\u00e1 a lista de certificados de 2010 a 2014 dispon\u00edveis para retirada na C\u00e2mara de Extens\u00e3o. O aluno deve trazer documento de identidade, ou ainda, autorizar outra pessoa a retirar o documento. Nesse caso, \u00e9 preciso trazer uma autoriza\u00e7\u00e3o por escrito ou impressa, com nome e RG de ambos, assinada pelo solicitante. N\u00e3o \u00e9 necess\u00e1rio registro em cart\u00f3rio.<\/p>\n<p>&nbsp;<\/p>\n<p>&nbsp;<\/p>\n","protected":false},"excerpt":{"rendered":"<p>A C\u00e2mara de Extens\u00e3o (CaExt) \u00a0do Centro de Letras e Comunica\u00e7\u00e3o lembra aos formandos de 2015\/2 que retirem com anteced\u00eancia os atestados e\/ou certificados de projetos extens\u00e3o de que participaram, para posterior entrega no colegiado, a fim de contabilizar as &hellip; <a href=\"https:\/\/wp.ufpel.edu.br\/clc\/2015\/11\/20\/aviso-aos-formandos-sobre-certificados-de-extensao-2\/\">Continue lendo <span class=\"meta-nav\">&rarr;<\/span><\/a><\/p>\n","protected":false},"author":50,"featured_media":0,"comment_status":"closed","ping_status":"closed","sticky":false,"template":"","format":"standard","meta":{"footnotes":""},"categories":[1],"tags":[],"class_list":["post-3696","post","type-post","status-publish","format-standard","hentry","category-notcias"],"jetpack_featured_media_url":"","_links":{"self":[{"href":"https:\/\/wp.ufpel.edu.br\/clc\/wp-json\/wp\/v2\/posts\/3696","targetHints":{"allow":["GET"]}}],"collection":[{"href":"https:\/\/wp.ufpel.edu.br\/clc\/wp-json\/wp\/v2\/posts"}],"about":[{"href":"https:\/\/wp.ufpel.edu.br\/clc\/wp-json\/wp\/v2\/types\/post"}],"author":[{"embeddable":true,"href":"https:\/\/wp.ufpel.edu.br\/clc\/wp-json\/wp\/v2\/users\/50"}],"replies":[{"embeddable":true,"href":"https:\/\/wp.ufpel.edu.br\/clc\/wp-json\/wp\/v2\/comments?post=3696"}],"version-history":[{"count":2,"href":"https:\/\/wp.ufpel.edu.br\/clc\/wp-json\/wp\/v2\/posts\/3696\/revisions"}],"predecessor-version":[{"id":3698,"href":"https:\/\/wp.ufpel.edu.br\/clc\/wp-json\/wp\/v2\/posts\/3696\/revisions\/3698"}],"wp:attachment":[{"href":"https:\/\/wp.ufpel.edu.br\/clc\/wp-json\/wp\/v2\/media?parent=3696"}],"wp:term":[{"taxonomy":"category","embeddable":true,"href":"https:\/\/wp.ufpel.edu.br\/clc\/wp-json\/wp\/v2\/categories?post=3696"},{"taxonomy":"post_tag","embeddable":true,"href":"https:\/\/wp.ufpel.edu.br\/clc\/wp-json\/wp\/v2\/tags?post=3696"}],"curies":[{"name":"wp","href":"https:\/\/api.w.org\/{rel}","templated":true}]}}