{"id":3687,"date":"2015-11-10T16:16:19","date_gmt":"2015-11-10T18:16:19","guid":{"rendered":"https:\/\/wp.ufpel.edu.br\/clc\/?p=3687"},"modified":"2017-06-02T18:47:07","modified_gmt":"2017-06-02T21:47:07","slug":"programa-de-pos-graduacao-em-letras-esta-com-processo-seletivo-de-alunos-regulares","status":"publish","type":"post","link":"https:\/\/wp.ufpel.edu.br\/clc\/2015\/11\/10\/programa-de-pos-graduacao-em-letras-esta-com-processo-seletivo-de-alunos-regulares\/","title":{"rendered":"Programa de P\u00f3s-Gradua\u00e7\u00e3o em Letras est\u00e1 com processo seletivo de alunos regulares"},"content":{"rendered":"<p style=\"text-align: justify\"><span style=\"color: #000000\">Desde 16.10 at\u00e9 20.11, o Programa de P\u00f3s-Gradua\u00e7\u00e3o em Letras da UFPel est\u00e1 recebendo inscri\u00e7\u00f5es para o processo seletivo de alunos regulares. S\u00e3o 40 vagas previstas, distribu\u00eddas nas \u00e1reas de Estudos da Linguagem e Literatura Comparada. <\/span><\/p>\n<p style=\"text-align: justify\"><span style=\"color: #000000\">Mais informa\u00e7\u00f5es:\u00a0 <span style=\"color: #800080\"><a style=\"color: #800080\" href=\"https:\/\/wp.ufpel.edu.br\/prppg\/files\/2013\/10\/Edital-Sele\u00e7\u00e3o-Aluno-Regular-094-PPG-Letras.pdf\" target=\"_blank\">Edital para Sele\u00e7\u00e3o de Aluno Regular 2016\/1<\/a><\/span><\/span><\/p>\n<p>&nbsp;<\/p>\n<p>&nbsp;<\/p>\n","protected":false},"excerpt":{"rendered":"<p>Desde 16.10 at\u00e9 20.11, o Programa de P\u00f3s-Gradua\u00e7\u00e3o em Letras da UFPel est\u00e1 recebendo inscri\u00e7\u00f5es para o processo seletivo de alunos regulares. S\u00e3o 40 vagas previstas, distribu\u00eddas nas \u00e1reas de Estudos da Linguagem e Literatura Comparada. Mais informa\u00e7\u00f5es:\u00a0 Edital para &hellip; <a href=\"https:\/\/wp.ufpel.edu.br\/clc\/2015\/11\/10\/programa-de-pos-graduacao-em-letras-esta-com-processo-seletivo-de-alunos-regulares\/\">Continue lendo <span class=\"meta-nav\">&rarr;<\/span><\/a><\/p>\n","protected":false},"author":50,"featured_media":0,"comment_status":"closed","ping_status":"closed","sticky":false,"template":"","format":"standard","meta":{"footnotes":""},"categories":[33385,1],"tags":[],"class_list":["post-3687","post","type-post","status-publish","format-standard","hentry","category-editais-e-resultados","category-notcias"],"jetpack_featured_media_url":"","_links":{"self":[{"href":"https:\/\/wp.ufpel.edu.br\/clc\/wp-json\/wp\/v2\/posts\/3687","targetHints":{"allow":["GET"]}}],"collection":[{"href":"https:\/\/wp.ufpel.edu.br\/clc\/wp-json\/wp\/v2\/posts"}],"about":[{"href":"https:\/\/wp.ufpel.edu.br\/clc\/wp-json\/wp\/v2\/types\/post"}],"author":[{"embeddable":true,"href":"https:\/\/wp.ufpel.edu.br\/clc\/wp-json\/wp\/v2\/users\/50"}],"replies":[{"embeddable":true,"href":"https:\/\/wp.ufpel.edu.br\/clc\/wp-json\/wp\/v2\/comments?post=3687"}],"version-history":[{"count":3,"href":"https:\/\/wp.ufpel.edu.br\/clc\/wp-json\/wp\/v2\/posts\/3687\/revisions"}],"predecessor-version":[{"id":3699,"href":"https:\/\/wp.ufpel.edu.br\/clc\/wp-json\/wp\/v2\/posts\/3687\/revisions\/3699"}],"wp:attachment":[{"href":"https:\/\/wp.ufpel.edu.br\/clc\/wp-json\/wp\/v2\/media?parent=3687"}],"wp:term":[{"taxonomy":"category","embeddable":true,"href":"https:\/\/wp.ufpel.edu.br\/clc\/wp-json\/wp\/v2\/categories?post=3687"},{"taxonomy":"post_tag","embeddable":true,"href":"https:\/\/wp.ufpel.edu.br\/clc\/wp-json\/wp\/v2\/tags?post=3687"}],"curies":[{"name":"wp","href":"https:\/\/api.w.org\/{rel}","templated":true}]}}