{"id":3395,"date":"2014-12-05T15:57:02","date_gmt":"2014-12-05T17:57:02","guid":{"rendered":"https:\/\/wp.ufpel.edu.br\/clc\/?p=3395"},"modified":"2017-06-02T18:30:27","modified_gmt":"2017-06-02T21:30:27","slug":"aulas-dos-cursos-basicos-de-linguas-mantidas-neste-sabado","status":"publish","type":"post","link":"https:\/\/wp.ufpel.edu.br\/clc\/2014\/12\/05\/aulas-dos-cursos-basicos-de-linguas-mantidas-neste-sabado\/","title":{"rendered":"Aulas dos Cursos B\u00e1sicos de L\u00ednguas mantidas neste s\u00e1bado"},"content":{"rendered":"<div>A C\u00e2mara de Extens\u00e3o do Centro de Letras e Comunica\u00e7\u00e3o informou hoje, que\u00a0haver\u00e1 aulas dos Cursos B\u00e1sicos de L\u00ednguas Estrangeiras e Portuguesa deste s\u00e1bado, 6, apesar da greve dos rodovi\u00e1rios.<\/div>\n<div><\/div>\n","protected":false},"excerpt":{"rendered":"<p>A C\u00e2mara de Extens\u00e3o do Centro de Letras e Comunica\u00e7\u00e3o informou hoje, que\u00a0haver\u00e1 aulas dos Cursos B\u00e1sicos de L\u00ednguas Estrangeiras e Portuguesa deste s\u00e1bado, 6, apesar da greve dos rodovi\u00e1rios.<\/p>\n","protected":false},"author":50,"featured_media":0,"comment_status":"closed","ping_status":"closed","sticky":false,"template":"","format":"standard","meta":{"footnotes":""},"categories":[33383,33380,1],"tags":[],"class_list":["post-3395","post","type-post","status-publish","format-standard","hentry","category-abertos-a-comunidade","category-camara-de-extensao","category-notcias"],"jetpack_featured_media_url":"","_links":{"self":[{"href":"https:\/\/wp.ufpel.edu.br\/clc\/wp-json\/wp\/v2\/posts\/3395","targetHints":{"allow":["GET"]}}],"collection":[{"href":"https:\/\/wp.ufpel.edu.br\/clc\/wp-json\/wp\/v2\/posts"}],"about":[{"href":"https:\/\/wp.ufpel.edu.br\/clc\/wp-json\/wp\/v2\/types\/post"}],"author":[{"embeddable":true,"href":"https:\/\/wp.ufpel.edu.br\/clc\/wp-json\/wp\/v2\/users\/50"}],"replies":[{"embeddable":true,"href":"https:\/\/wp.ufpel.edu.br\/clc\/wp-json\/wp\/v2\/comments?post=3395"}],"version-history":[{"count":2,"href":"https:\/\/wp.ufpel.edu.br\/clc\/wp-json\/wp\/v2\/posts\/3395\/revisions"}],"predecessor-version":[{"id":3414,"href":"https:\/\/wp.ufpel.edu.br\/clc\/wp-json\/wp\/v2\/posts\/3395\/revisions\/3414"}],"wp:attachment":[{"href":"https:\/\/wp.ufpel.edu.br\/clc\/wp-json\/wp\/v2\/media?parent=3395"}],"wp:term":[{"taxonomy":"category","embeddable":true,"href":"https:\/\/wp.ufpel.edu.br\/clc\/wp-json\/wp\/v2\/categories?post=3395"},{"taxonomy":"post_tag","embeddable":true,"href":"https:\/\/wp.ufpel.edu.br\/clc\/wp-json\/wp\/v2\/tags?post=3395"}],"curies":[{"name":"wp","href":"https:\/\/api.w.org\/{rel}","templated":true}]}}