{"id":3381,"date":"2014-12-02T16:45:20","date_gmt":"2014-12-02T18:45:20","guid":{"rendered":"https:\/\/wp.ufpel.edu.br\/clc\/?p=3381"},"modified":"2014-12-02T16:46:02","modified_gmt":"2014-12-02T18:46:02","slug":"concerto-de-natal-com-o-da-coral-ufpel","status":"publish","type":"post","link":"https:\/\/wp.ufpel.edu.br\/clc\/2014\/12\/02\/concerto-de-natal-com-o-da-coral-ufpel\/","title":{"rendered":"Concerto de Natal com o Coral da UFPel"},"content":{"rendered":"<p>A Universidade Federal de Pelotas,\u00a0convida a todos para o Concerto de Natal do Coral da UFPel, a ser realizado no dia 8 de dezembro \u00e0s 21h, na Bibliotheca P\u00fablica Pelotense. A entrada \u00e9 franca. Ser\u00e3o aceitas doa\u00e7\u00f5es de alimentos n\u00e3o perec\u00edveis no dia do Evento.<\/p>\n<p><a href=\"https:\/\/wp.ufpel.edu.br\/clc\/files\/2014\/12\/ConviteConcerto.png\"><img loading=\"lazy\" decoding=\"async\" class=\"aligncenter size-full wp-image-3382\" src=\"https:\/\/wp.ufpel.edu.br\/clc\/files\/2014\/12\/ConviteConcerto.png\" alt=\"ConviteConcerto\" width=\"523\" height=\"523\" srcset=\"https:\/\/wp.ufpel.edu.br\/clc\/files\/2014\/12\/ConviteConcerto.png 523w, https:\/\/wp.ufpel.edu.br\/clc\/files\/2014\/12\/ConviteConcerto-150x150.png 150w, https:\/\/wp.ufpel.edu.br\/clc\/files\/2014\/12\/ConviteConcerto-300x300.png 300w\" sizes=\"auto, (max-width: 523px) 100vw, 523px\" \/><\/a><\/p>\n","protected":false},"excerpt":{"rendered":"<p>A Universidade Federal de Pelotas,\u00a0convida a todos para o Concerto de Natal do Coral da UFPel, a ser realizado no dia 8 de dezembro \u00e0s 21h, na Bibliotheca P\u00fablica Pelotense. A entrada \u00e9 franca. Ser\u00e3o aceitas doa\u00e7\u00f5es de alimentos n\u00e3o &hellip; <a href=\"https:\/\/wp.ufpel.edu.br\/clc\/2014\/12\/02\/concerto-de-natal-com-o-da-coral-ufpel\/\">Continue lendo <span class=\"meta-nav\">&rarr;<\/span><\/a><\/p>\n","protected":false},"author":50,"featured_media":0,"comment_status":"closed","ping_status":"closed","sticky":false,"template":"","format":"standard","meta":{"footnotes":""},"categories":[1],"tags":[],"class_list":["post-3381","post","type-post","status-publish","format-standard","hentry","category-notcias"],"jetpack_featured_media_url":"","_links":{"self":[{"href":"https:\/\/wp.ufpel.edu.br\/clc\/wp-json\/wp\/v2\/posts\/3381","targetHints":{"allow":["GET"]}}],"collection":[{"href":"https:\/\/wp.ufpel.edu.br\/clc\/wp-json\/wp\/v2\/posts"}],"about":[{"href":"https:\/\/wp.ufpel.edu.br\/clc\/wp-json\/wp\/v2\/types\/post"}],"author":[{"embeddable":true,"href":"https:\/\/wp.ufpel.edu.br\/clc\/wp-json\/wp\/v2\/users\/50"}],"replies":[{"embeddable":true,"href":"https:\/\/wp.ufpel.edu.br\/clc\/wp-json\/wp\/v2\/comments?post=3381"}],"version-history":[{"count":2,"href":"https:\/\/wp.ufpel.edu.br\/clc\/wp-json\/wp\/v2\/posts\/3381\/revisions"}],"predecessor-version":[{"id":3384,"href":"https:\/\/wp.ufpel.edu.br\/clc\/wp-json\/wp\/v2\/posts\/3381\/revisions\/3384"}],"wp:attachment":[{"href":"https:\/\/wp.ufpel.edu.br\/clc\/wp-json\/wp\/v2\/media?parent=3381"}],"wp:term":[{"taxonomy":"category","embeddable":true,"href":"https:\/\/wp.ufpel.edu.br\/clc\/wp-json\/wp\/v2\/categories?post=3381"},{"taxonomy":"post_tag","embeddable":true,"href":"https:\/\/wp.ufpel.edu.br\/clc\/wp-json\/wp\/v2\/tags?post=3381"}],"curies":[{"name":"wp","href":"https:\/\/api.w.org\/{rel}","templated":true}]}}