{"id":3311,"date":"2014-11-10T16:11:19","date_gmt":"2014-11-10T18:11:19","guid":{"rendered":"https:\/\/wp.ufpel.edu.br\/clc\/?p=3311"},"modified":"2014-11-12T16:48:05","modified_gmt":"2014-11-12T18:48:05","slug":"iii-jornada-de-estudos-germanisticos-2","status":"publish","type":"post","link":"https:\/\/wp.ufpel.edu.br\/clc\/2014\/11\/10\/iii-jornada-de-estudos-germanisticos-2\/","title":{"rendered":"III Jornada de Estudos German\u00edsticos"},"content":{"rendered":"<p>&nbsp;<\/p>\n<p>A \u00c1rea de Alem\u00e3o do Centro de Letras e Comunica\u00e7\u00e3o convida para a III Jornada de Estudos German\u00edsticos, que ser\u00e1 no dia 20 de novembro, das 8h30min \u00e0s 19h, na sala 115 do Campus Porto da UFPel. Inscri\u00e7\u00f5es gratuitas at\u00e9 19 de novembro atrav\u00e9s do e-mail: nilse_schneider@yahoo.com.br. Ser\u00e1 oferecido certificado aos que participarem 75% ou mais do evento.<\/p>\n<p>Confira a programa\u00e7\u00e3o abaixo:<br \/>\n<a href=\"https:\/\/wp.ufpel.edu.br\/clc\/files\/2014\/11\/Jornada-de-Estudos-germanicos1.jpg\"><img loading=\"lazy\" decoding=\"async\" class=\"aligncenter size-large wp-image-3312\" src=\"https:\/\/wp.ufpel.edu.br\/clc\/files\/2014\/11\/Jornada-de-Estudos-germanicos1-796x1024.jpg\" alt=\"Jornada de Estudos germanicos\" width=\"590\" height=\"758\" srcset=\"https:\/\/wp.ufpel.edu.br\/clc\/files\/2014\/11\/Jornada-de-Estudos-germanicos1-796x1024.jpg 796w, https:\/\/wp.ufpel.edu.br\/clc\/files\/2014\/11\/Jornada-de-Estudos-germanicos1-233x300.jpg 233w, https:\/\/wp.ufpel.edu.br\/clc\/files\/2014\/11\/Jornada-de-Estudos-germanicos1.jpg 834w\" sizes=\"auto, (max-width: 590px) 100vw, 590px\" \/><\/a><\/p>\n","protected":false},"excerpt":{"rendered":"<p>&nbsp; A \u00c1rea de Alem\u00e3o do Centro de Letras e Comunica\u00e7\u00e3o convida para a III Jornada de Estudos German\u00edsticos, que ser\u00e1 no dia 20 de novembro, das 8h30min \u00e0s 19h, na sala 115 do Campus Porto da UFPel. Inscri\u00e7\u00f5es gratuitas &hellip; <a href=\"https:\/\/wp.ufpel.edu.br\/clc\/2014\/11\/10\/iii-jornada-de-estudos-germanisticos-2\/\">Continue lendo <span class=\"meta-nav\">&rarr;<\/span><\/a><\/p>\n","protected":false},"author":50,"featured_media":0,"comment_status":"closed","ping_status":"open","sticky":false,"template":"","format":"standard","meta":{"footnotes":""},"categories":[1],"tags":[],"class_list":["post-3311","post","type-post","status-publish","format-standard","hentry","category-notcias"],"jetpack_featured_media_url":"","_links":{"self":[{"href":"https:\/\/wp.ufpel.edu.br\/clc\/wp-json\/wp\/v2\/posts\/3311","targetHints":{"allow":["GET"]}}],"collection":[{"href":"https:\/\/wp.ufpel.edu.br\/clc\/wp-json\/wp\/v2\/posts"}],"about":[{"href":"https:\/\/wp.ufpel.edu.br\/clc\/wp-json\/wp\/v2\/types\/post"}],"author":[{"embeddable":true,"href":"https:\/\/wp.ufpel.edu.br\/clc\/wp-json\/wp\/v2\/users\/50"}],"replies":[{"embeddable":true,"href":"https:\/\/wp.ufpel.edu.br\/clc\/wp-json\/wp\/v2\/comments?post=3311"}],"version-history":[{"count":3,"href":"https:\/\/wp.ufpel.edu.br\/clc\/wp-json\/wp\/v2\/posts\/3311\/revisions"}],"predecessor-version":[{"id":3325,"href":"https:\/\/wp.ufpel.edu.br\/clc\/wp-json\/wp\/v2\/posts\/3311\/revisions\/3325"}],"wp:attachment":[{"href":"https:\/\/wp.ufpel.edu.br\/clc\/wp-json\/wp\/v2\/media?parent=3311"}],"wp:term":[{"taxonomy":"category","embeddable":true,"href":"https:\/\/wp.ufpel.edu.br\/clc\/wp-json\/wp\/v2\/categories?post=3311"},{"taxonomy":"post_tag","embeddable":true,"href":"https:\/\/wp.ufpel.edu.br\/clc\/wp-json\/wp\/v2\/tags?post=3311"}],"curies":[{"name":"wp","href":"https:\/\/api.w.org\/{rel}","templated":true}]}}