{"id":3299,"date":"2014-11-04T16:38:37","date_gmt":"2014-11-04T18:38:37","guid":{"rendered":"https:\/\/wp.ufpel.edu.br\/clc\/?p=3299"},"modified":"2014-11-04T16:38:37","modified_gmt":"2014-11-04T18:38:37","slug":"campus-anglo-recebe-autores-da-literatura-infanto-juvenil","status":"publish","type":"post","link":"https:\/\/wp.ufpel.edu.br\/clc\/2014\/11\/04\/campus-anglo-recebe-autores-da-literatura-infanto-juvenil\/","title":{"rendered":"Campus Anglo recebe autores da Literatura Infanto-juvenil"},"content":{"rendered":"<p>Nos pr\u00f3ximos dias 13 e 14 de novembro, os Cursos de Bacharelado em Tradu\u00e7\u00e3o, atrav\u00e9s de seu N\u00facleo, estar\u00e3o trazendo dois autores de Literatura Infanto-juvenil para se apresentarem em atividades no Campus Anglo da UFPel e na 42\u00aa Feira do Livro de Pelotas.<\/p>\n<p>Ambos os autores s\u00e3o nossos parceiros nos projetos de extens\u00e3o, nos quais seus livros est\u00e3o sendo traduzidos por alunos e professores de tradu\u00e7\u00e3o para o Espanhol e para o Ingl\u00eas. Dois destes livros ser\u00e3o lan\u00e7ados na Feira do Livro de Pelotas, um de cada autor, que tamb\u00e9m os apresentar\u00e3o em forma de conta\u00e7\u00e3o de hist\u00f3rias.<\/p>\n<p>No dia 13 de novembro, \u00e0s 13h30min, os autores participar\u00e3o do momento que denominamos \u201cConversando com os autores\u201d, em que expor\u00e3o suas experi\u00eancias como autores, contadores de hist\u00f3rias e falar\u00e3o, tamb\u00e9m, sobre a experi\u00eancia com as tradu\u00e7\u00f5es de seus livros, as suas rela\u00e7\u00f5es com as editoras e com os ilustradores. Haver\u00e1, tamb\u00e9m um espa\u00e7o para responderem perguntas dos espectadores.<\/p>\n<p>Acesse a <a href=\"https:\/\/wp.ufpel.edu.br\/clc\/files\/2014\/11\/PROGRAMA\u00c7\u00c3O-DO-EVENTO.pdf\">programa\u00e7\u00e3o<\/a>\u00a0e n\u00e3o perca.<\/p>\n","protected":false},"excerpt":{"rendered":"<p>Nos pr\u00f3ximos dias 13 e 14 de novembro, os Cursos de Bacharelado em Tradu\u00e7\u00e3o, atrav\u00e9s de seu N\u00facleo, estar\u00e3o trazendo dois autores de Literatura Infanto-juvenil para se apresentarem em atividades no Campus Anglo da UFPel e na 42\u00aa Feira do &hellip; <a href=\"https:\/\/wp.ufpel.edu.br\/clc\/2014\/11\/04\/campus-anglo-recebe-autores-da-literatura-infanto-juvenil\/\">Continue lendo <span class=\"meta-nav\">&rarr;<\/span><\/a><\/p>\n","protected":false},"author":50,"featured_media":0,"comment_status":"closed","ping_status":"open","sticky":false,"template":"","format":"standard","meta":{"footnotes":""},"categories":[1],"tags":[],"class_list":["post-3299","post","type-post","status-publish","format-standard","hentry","category-notcias"],"jetpack_featured_media_url":"","_links":{"self":[{"href":"https:\/\/wp.ufpel.edu.br\/clc\/wp-json\/wp\/v2\/posts\/3299","targetHints":{"allow":["GET"]}}],"collection":[{"href":"https:\/\/wp.ufpel.edu.br\/clc\/wp-json\/wp\/v2\/posts"}],"about":[{"href":"https:\/\/wp.ufpel.edu.br\/clc\/wp-json\/wp\/v2\/types\/post"}],"author":[{"embeddable":true,"href":"https:\/\/wp.ufpel.edu.br\/clc\/wp-json\/wp\/v2\/users\/50"}],"replies":[{"embeddable":true,"href":"https:\/\/wp.ufpel.edu.br\/clc\/wp-json\/wp\/v2\/comments?post=3299"}],"version-history":[{"count":1,"href":"https:\/\/wp.ufpel.edu.br\/clc\/wp-json\/wp\/v2\/posts\/3299\/revisions"}],"predecessor-version":[{"id":3301,"href":"https:\/\/wp.ufpel.edu.br\/clc\/wp-json\/wp\/v2\/posts\/3299\/revisions\/3301"}],"wp:attachment":[{"href":"https:\/\/wp.ufpel.edu.br\/clc\/wp-json\/wp\/v2\/media?parent=3299"}],"wp:term":[{"taxonomy":"category","embeddable":true,"href":"https:\/\/wp.ufpel.edu.br\/clc\/wp-json\/wp\/v2\/categories?post=3299"},{"taxonomy":"post_tag","embeddable":true,"href":"https:\/\/wp.ufpel.edu.br\/clc\/wp-json\/wp\/v2\/tags?post=3299"}],"curies":[{"name":"wp","href":"https:\/\/api.w.org\/{rel}","templated":true}]}}