{"id":3290,"date":"2014-12-05T14:45:36","date_gmt":"2014-12-05T16:45:36","guid":{"rendered":"https:\/\/wp.ufpel.edu.br\/clc\/?p=3290"},"modified":"2014-12-05T14:47:59","modified_gmt":"2014-12-05T16:47:59","slug":"centro-de-letras-e-comunicacao-publica-edital-de-selecao-para-especializacao-com-ingresso-em-2015","status":"publish","type":"post","link":"https:\/\/wp.ufpel.edu.br\/clc\/2014\/12\/05\/centro-de-letras-e-comunicacao-publica-edital-de-selecao-para-especializacao-com-ingresso-em-2015\/","title":{"rendered":"CLC publica lista de inscri\u00e7\u00f5es homologadas para sele\u00e7\u00e3o de Especializa\u00e7\u00e3o com ingresso em 2015"},"content":{"rendered":"<p><a href=\"https:\/\/wp.ufpel.edu.br\/clc\/files\/2014\/11\/cartaz.jpg\"><img loading=\"lazy\" decoding=\"async\" class=\"aligncenter size-full wp-image-3314\" src=\"https:\/\/wp.ufpel.edu.br\/clc\/files\/2014\/11\/cartaz.jpg\" alt=\"cartaz\" width=\"496\" height=\"713\" srcset=\"https:\/\/wp.ufpel.edu.br\/clc\/files\/2014\/11\/cartaz.jpg 496w, https:\/\/wp.ufpel.edu.br\/clc\/files\/2014\/11\/cartaz-208x300.jpg 208w\" sizes=\"auto, (max-width: 496px) 100vw, 496px\" \/><\/a><\/p>\n<p>&nbsp;<\/p>\n<p>&nbsp;<\/p>\n<p>Para mais informa\u00e7\u00f5es, acesse o \u00a0<a href=\"https:\/\/wp.ufpel.edu.br\/clc\/files\/2014\/11\/EDITAL-SELE\u00c7\u00c3O-ESPECIALIZA\u00c7\u00c3O-2014-para-publica\u00e7\u00e3o.doc\">EDITAL<\/a>.<\/p>\n<p>OBS.: No Formul\u00e1rio de Inscri\u00e7\u00e3o, constante no corpo do edital, os campos que pedem duas pessoas para fornecer refer\u00eancias sobre o candidato n\u00e3o necessitam ser preenchidos.<\/p>\n<p class=\"western\" align=\"center\"><a href=\"https:\/\/wp.ufpel.edu.br\/clc\/files\/2014\/11\/Bibliografia-sele\u00e7\u00e3o-2015.doc\">Bibliografia &#8211; sele\u00e7\u00e3o 2015<\/a><\/p>\n<h2 class=\"western\" align=\"center\"><strong>Listas de inscri\u00e7\u00f5es homologadas:<\/strong><\/h2>\n<h4 class=\"western\" align=\"center\"><strong><a href=\"https:\/\/wp.ufpel.edu.br\/clc\/files\/2014\/11\/Lingu\u00edstica-Aplicada.pdf\">Lingu\u00edstica Aplicada<\/a>\u00a0 \u00a0 \u00a0 \u00a0 \u00a0 \u00a0 \u00a0 \u00a0 \u00a0 \u00a0 \u00a0 \u00a0 \u00a0 \u00a0 \u00a0 \u00a0 \u00a0 \u00a0 \u00a0 \u00a0\u00a0 <a href=\"https:\/\/wp.ufpel.edu.br\/clc\/files\/2014\/11\/Literatura-Comparada.pdf\">Literatura Comparada<\/a><\/strong><\/h4>\n","protected":false},"excerpt":{"rendered":"<p>&nbsp; &nbsp; Para mais informa\u00e7\u00f5es, acesse o \u00a0EDITAL. OBS.: No Formul\u00e1rio de Inscri\u00e7\u00e3o, constante no corpo do edital, os campos que pedem duas pessoas para fornecer refer\u00eancias sobre o candidato n\u00e3o necessitam ser preenchidos. Bibliografia &#8211; sele\u00e7\u00e3o 2015 Listas de &hellip; <a href=\"https:\/\/wp.ufpel.edu.br\/clc\/2014\/12\/05\/centro-de-letras-e-comunicacao-publica-edital-de-selecao-para-especializacao-com-ingresso-em-2015\/\">Continue lendo <span class=\"meta-nav\">&rarr;<\/span><\/a><\/p>\n","protected":false},"author":50,"featured_media":0,"comment_status":"closed","ping_status":"closed","sticky":false,"template":"","format":"standard","meta":{"footnotes":""},"categories":[1],"tags":[],"class_list":["post-3290","post","type-post","status-publish","format-standard","hentry","category-notcias"],"jetpack_featured_media_url":"","_links":{"self":[{"href":"https:\/\/wp.ufpel.edu.br\/clc\/wp-json\/wp\/v2\/posts\/3290","targetHints":{"allow":["GET"]}}],"collection":[{"href":"https:\/\/wp.ufpel.edu.br\/clc\/wp-json\/wp\/v2\/posts"}],"about":[{"href":"https:\/\/wp.ufpel.edu.br\/clc\/wp-json\/wp\/v2\/types\/post"}],"author":[{"embeddable":true,"href":"https:\/\/wp.ufpel.edu.br\/clc\/wp-json\/wp\/v2\/users\/50"}],"replies":[{"embeddable":true,"href":"https:\/\/wp.ufpel.edu.br\/clc\/wp-json\/wp\/v2\/comments?post=3290"}],"version-history":[{"count":8,"href":"https:\/\/wp.ufpel.edu.br\/clc\/wp-json\/wp\/v2\/posts\/3290\/revisions"}],"predecessor-version":[{"id":3394,"href":"https:\/\/wp.ufpel.edu.br\/clc\/wp-json\/wp\/v2\/posts\/3290\/revisions\/3394"}],"wp:attachment":[{"href":"https:\/\/wp.ufpel.edu.br\/clc\/wp-json\/wp\/v2\/media?parent=3290"}],"wp:term":[{"taxonomy":"category","embeddable":true,"href":"https:\/\/wp.ufpel.edu.br\/clc\/wp-json\/wp\/v2\/categories?post=3290"},{"taxonomy":"post_tag","embeddable":true,"href":"https:\/\/wp.ufpel.edu.br\/clc\/wp-json\/wp\/v2\/tags?post=3290"}],"curies":[{"name":"wp","href":"https:\/\/api.w.org\/{rel}","templated":true}]}}