{"id":3272,"date":"2014-10-20T15:55:59","date_gmt":"2014-10-20T17:55:59","guid":{"rendered":"https:\/\/wp.ufpel.edu.br\/clc\/?p=3272"},"modified":"2014-10-20T15:55:59","modified_gmt":"2014-10-20T17:55:59","slug":"projeto-de-extensao-tempos-e-espacos-na-educacao-de-surdos","status":"publish","type":"post","link":"https:\/\/wp.ufpel.edu.br\/clc\/2014\/10\/20\/projeto-de-extensao-tempos-e-espacos-na-educacao-de-surdos\/","title":{"rendered":"Projeto de Extens\u00e3o &#8220;Tempos e Espa\u00e7os na Educa\u00e7\u00e3o de Surdos&#8221;"},"content":{"rendered":"<p><a href=\"https:\/\/wp.ufpel.edu.br\/clc\/files\/2014\/10\/Cartaz-Orquidea-page1.png\"><img loading=\"lazy\" decoding=\"async\" class=\"aligncenter size-large wp-image-3274\" src=\"https:\/\/wp.ufpel.edu.br\/clc\/files\/2014\/10\/Cartaz-Orquidea-page1-708x1024.png\" alt=\"Cartaz Orquidea-page1\" width=\"590\" height=\"853\" srcset=\"https:\/\/wp.ufpel.edu.br\/clc\/files\/2014\/10\/Cartaz-Orquidea-page1-708x1024.png 708w, https:\/\/wp.ufpel.edu.br\/clc\/files\/2014\/10\/Cartaz-Orquidea-page1-207x300.png 207w\" sizes=\"auto, (max-width: 590px) 100vw, 590px\" \/><\/a><\/p>\n","protected":false},"excerpt":{"rendered":"","protected":false},"author":50,"featured_media":0,"comment_status":"closed","ping_status":"open","sticky":false,"template":"","format":"standard","meta":{"footnotes":""},"categories":[1],"tags":[],"class_list":["post-3272","post","type-post","status-publish","format-standard","hentry","category-notcias"],"jetpack_featured_media_url":"","_links":{"self":[{"href":"https:\/\/wp.ufpel.edu.br\/clc\/wp-json\/wp\/v2\/posts\/3272","targetHints":{"allow":["GET"]}}],"collection":[{"href":"https:\/\/wp.ufpel.edu.br\/clc\/wp-json\/wp\/v2\/posts"}],"about":[{"href":"https:\/\/wp.ufpel.edu.br\/clc\/wp-json\/wp\/v2\/types\/post"}],"author":[{"embeddable":true,"href":"https:\/\/wp.ufpel.edu.br\/clc\/wp-json\/wp\/v2\/users\/50"}],"replies":[{"embeddable":true,"href":"https:\/\/wp.ufpel.edu.br\/clc\/wp-json\/wp\/v2\/comments?post=3272"}],"version-history":[{"count":1,"href":"https:\/\/wp.ufpel.edu.br\/clc\/wp-json\/wp\/v2\/posts\/3272\/revisions"}],"predecessor-version":[{"id":3275,"href":"https:\/\/wp.ufpel.edu.br\/clc\/wp-json\/wp\/v2\/posts\/3272\/revisions\/3275"}],"wp:attachment":[{"href":"https:\/\/wp.ufpel.edu.br\/clc\/wp-json\/wp\/v2\/media?parent=3272"}],"wp:term":[{"taxonomy":"category","embeddable":true,"href":"https:\/\/wp.ufpel.edu.br\/clc\/wp-json\/wp\/v2\/categories?post=3272"},{"taxonomy":"post_tag","embeddable":true,"href":"https:\/\/wp.ufpel.edu.br\/clc\/wp-json\/wp\/v2\/tags?post=3272"}],"curies":[{"name":"wp","href":"https:\/\/api.w.org\/{rel}","templated":true}]}}