{"id":3265,"date":"2014-10-17T15:25:49","date_gmt":"2014-10-17T18:25:49","guid":{"rendered":"https:\/\/wp.ufpel.edu.br\/clc\/?p=3265"},"modified":"2017-06-02T18:44:15","modified_gmt":"2017-06-02T21:44:15","slug":"ppglmestrado-lanca-edital-para-ingresso-regular-de-alunos-em-20151","status":"publish","type":"post","link":"https:\/\/wp.ufpel.edu.br\/clc\/2014\/10\/17\/ppglmestrado-lanca-edital-para-ingresso-regular-de-alunos-em-20151\/","title":{"rendered":"PPGL\/Mestrado lan\u00e7a edital para ingresso regular de alunos em 2015\/1"},"content":{"rendered":"<p>Foi lan\u00e7ado o edital para sele\u00e7\u00e3o de alunos em regime regular de matr\u00edcula do Programa de P\u00f3s-Gradua\u00e7\u00e3o em Letras da UFPel. Com duas \u00e1reas de concentra\u00e7\u00e3o \u2013 Estudos da Linguagem e Literatura Comparada\u00a0\u2013 o PPGL\/UFPel\u00a0est\u00e1 ofertando mais de 30 vagas. As inscri\u00e7\u00f5es v\u00e3o\u00a0<strong>at\u00e9 o dia 20 de novembro\u00a0<\/strong>e a sele\u00e7\u00e3o acontece em 1\u00b0 de dezembro.<\/p>\n<p>H\u00e1 duas novidades no processo: n\u00e3o ser\u00e1 exigida a apresenta\u00e7\u00e3o de pr\u00e9-projeto para a inscri\u00e7\u00e3o e candidatos poder\u00e3o prestar prova de compet\u00eancia em leitura em l\u00edngua estrangeira caso n\u00e3o possuam um certificado ou atestado v\u00e1lido.<\/p>\n<p>Para inscrever-se \u00e9 necess\u00e1rio o preenchimento do <a href=\"https:\/\/wp.ufpel.edu.br\/clc\/files\/2014\/10\/ppgl_formulario_de_inscricao.doc\">formul\u00e1rio de inscri\u00e7\u00e3o<\/a>\u00a0que deve ser enviado junto ao comprovante de pagamento para\u00a0ppgl.ufpel@gmail.com.<\/p>\n<p>Mais informa\u00e7\u00f5es podem ser obtidas no pr\u00f3prio <a href=\"https:\/\/wp.ufpel.edu.br\/clc\/files\/2014\/10\/Edital-Regime-Regular-2015.pdf\">Edital<\/a>\u00a0ou na secretaria do Programa, das 8h30min\u00a0\u00e0s 13h.<\/p>\n","protected":false},"excerpt":{"rendered":"<p>Foi lan\u00e7ado o edital para sele\u00e7\u00e3o de alunos em regime regular de matr\u00edcula do Programa de P\u00f3s-Gradua\u00e7\u00e3o em Letras da UFPel. Com duas \u00e1reas de concentra\u00e7\u00e3o \u2013 Estudos da Linguagem e Literatura Comparada\u00a0\u2013 o PPGL\/UFPel\u00a0est\u00e1 ofertando mais de 30 vagas. &hellip; <a href=\"https:\/\/wp.ufpel.edu.br\/clc\/2014\/10\/17\/ppglmestrado-lanca-edital-para-ingresso-regular-de-alunos-em-20151\/\">Continue lendo <span class=\"meta-nav\">&rarr;<\/span><\/a><\/p>\n","protected":false},"author":50,"featured_media":0,"comment_status":"closed","ping_status":"open","sticky":false,"template":"","format":"standard","meta":{"footnotes":""},"categories":[33385,1],"tags":[],"class_list":["post-3265","post","type-post","status-publish","format-standard","hentry","category-editais-e-resultados","category-notcias"],"jetpack_featured_media_url":"","_links":{"self":[{"href":"https:\/\/wp.ufpel.edu.br\/clc\/wp-json\/wp\/v2\/posts\/3265","targetHints":{"allow":["GET"]}}],"collection":[{"href":"https:\/\/wp.ufpel.edu.br\/clc\/wp-json\/wp\/v2\/posts"}],"about":[{"href":"https:\/\/wp.ufpel.edu.br\/clc\/wp-json\/wp\/v2\/types\/post"}],"author":[{"embeddable":true,"href":"https:\/\/wp.ufpel.edu.br\/clc\/wp-json\/wp\/v2\/users\/50"}],"replies":[{"embeddable":true,"href":"https:\/\/wp.ufpel.edu.br\/clc\/wp-json\/wp\/v2\/comments?post=3265"}],"version-history":[{"count":1,"href":"https:\/\/wp.ufpel.edu.br\/clc\/wp-json\/wp\/v2\/posts\/3265\/revisions"}],"predecessor-version":[{"id":3268,"href":"https:\/\/wp.ufpel.edu.br\/clc\/wp-json\/wp\/v2\/posts\/3265\/revisions\/3268"}],"wp:attachment":[{"href":"https:\/\/wp.ufpel.edu.br\/clc\/wp-json\/wp\/v2\/media?parent=3265"}],"wp:term":[{"taxonomy":"category","embeddable":true,"href":"https:\/\/wp.ufpel.edu.br\/clc\/wp-json\/wp\/v2\/categories?post=3265"},{"taxonomy":"post_tag","embeddable":true,"href":"https:\/\/wp.ufpel.edu.br\/clc\/wp-json\/wp\/v2\/tags?post=3265"}],"curies":[{"name":"wp","href":"https:\/\/api.w.org\/{rel}","templated":true}]}}