{"id":3071,"date":"2014-08-28T17:10:45","date_gmt":"2014-08-28T20:10:45","guid":{"rendered":"https:\/\/wp.ufpel.edu.br\/clc\/?p=3071"},"modified":"2017-06-02T18:49:22","modified_gmt":"2017-06-02T21:49:22","slug":"matriculas-do-curso-de-espanhol-basico-i-mantidas-nesta-sexta","status":"publish","type":"post","link":"https:\/\/wp.ufpel.edu.br\/clc\/2014\/08\/28\/matriculas-do-curso-de-espanhol-basico-i-mantidas-nesta-sexta\/","title":{"rendered":"Matr\u00edculas do Curso de Espanhol B\u00e1sico I mantidas nesta sexta"},"content":{"rendered":"<div style=\"color: #222222\"><span style=\"font-family: Calibri;font-size: medium\">A C\u00e2mara de Extens\u00e3o do CLC informou que as matr\u00edculas do Curso de Espanhol B\u00e1sico I\u00a0ser\u00e3o mantidas nesta sexta, 29, mesmo com a ocorr\u00eancia da Calourada da UFPel.<\/span><\/div>\n<div style=\"color: #222222\"><\/div>\n<div style=\"color: #222222\"><span style=\"font-family: Calibri;font-size: medium\">Confira a lista dos sorteados no link\u00a0<a style=\"color: #1155cc\" href=\"http:\/\/ccs2.ufpel.edu.br\/wp\/2014\/08\/26\/sorteados-nos-cursos-basicos-de-lingua-estrangeira-e-lingua-portuguesa\/\" target=\"_blank\">http:\/\/ccs2.ufpel.edu.br\/wp\/2014\/08\/26\/sorteados-nos-cursos-basicos-de-lingua-estrangeira-e-lingua-portuguesa\/<\/a><\/span><\/div>\n<div style=\"color: #222222\"><\/div>\n<div style=\"color: #222222\"><span style=\"font-family: Calibri;font-size: medium\">Acesse tamb\u00e9m, o Edital no link\u00a0<a style=\"color: #1155cc\" href=\"http:\/\/ccs2.ufpel.edu.br\/wp\/2014\/08\/26\/sorteados-nos-cursos-basicos-de-lingua-estrangeira-e-lingua-portuguesa\/\" target=\"_blank\">http:\/\/ccs2.ufpel.edu.br\/wp\/2014\/08\/26\/sorteados-nos-cursos-basicos-de-lingua-estrangeira-e-lingua-portuguesa\/<\/a><\/span><\/div>\n","protected":false},"excerpt":{"rendered":"<p>A C\u00e2mara de Extens\u00e3o do CLC informou que as matr\u00edculas do Curso de Espanhol B\u00e1sico I\u00a0ser\u00e3o mantidas nesta sexta, 29, mesmo com a ocorr\u00eancia da Calourada da UFPel. Confira a lista dos sorteados no link\u00a0http:\/\/ccs2.ufpel.edu.br\/wp\/2014\/08\/26\/sorteados-nos-cursos-basicos-de-lingua-estrangeira-e-lingua-portuguesa\/ Acesse tamb\u00e9m, o Edital no &hellip; <a href=\"https:\/\/wp.ufpel.edu.br\/clc\/2014\/08\/28\/matriculas-do-curso-de-espanhol-basico-i-mantidas-nesta-sexta\/\">Continue lendo <span class=\"meta-nav\">&rarr;<\/span><\/a><\/p>\n","protected":false},"author":50,"featured_media":0,"comment_status":"closed","ping_status":"open","sticky":false,"template":"","format":"standard","meta":{"footnotes":""},"categories":[33385,1],"tags":[],"class_list":["post-3071","post","type-post","status-publish","format-standard","hentry","category-editais-e-resultados","category-notcias"],"jetpack_featured_media_url":"","_links":{"self":[{"href":"https:\/\/wp.ufpel.edu.br\/clc\/wp-json\/wp\/v2\/posts\/3071","targetHints":{"allow":["GET"]}}],"collection":[{"href":"https:\/\/wp.ufpel.edu.br\/clc\/wp-json\/wp\/v2\/posts"}],"about":[{"href":"https:\/\/wp.ufpel.edu.br\/clc\/wp-json\/wp\/v2\/types\/post"}],"author":[{"embeddable":true,"href":"https:\/\/wp.ufpel.edu.br\/clc\/wp-json\/wp\/v2\/users\/50"}],"replies":[{"embeddable":true,"href":"https:\/\/wp.ufpel.edu.br\/clc\/wp-json\/wp\/v2\/comments?post=3071"}],"version-history":[{"count":1,"href":"https:\/\/wp.ufpel.edu.br\/clc\/wp-json\/wp\/v2\/posts\/3071\/revisions"}],"predecessor-version":[{"id":3072,"href":"https:\/\/wp.ufpel.edu.br\/clc\/wp-json\/wp\/v2\/posts\/3071\/revisions\/3072"}],"wp:attachment":[{"href":"https:\/\/wp.ufpel.edu.br\/clc\/wp-json\/wp\/v2\/media?parent=3071"}],"wp:term":[{"taxonomy":"category","embeddable":true,"href":"https:\/\/wp.ufpel.edu.br\/clc\/wp-json\/wp\/v2\/categories?post=3071"},{"taxonomy":"post_tag","embeddable":true,"href":"https:\/\/wp.ufpel.edu.br\/clc\/wp-json\/wp\/v2\/tags?post=3071"}],"curies":[{"name":"wp","href":"https:\/\/api.w.org\/{rel}","templated":true}]}}