{"id":3063,"date":"2014-08-28T14:59:21","date_gmt":"2014-08-28T17:59:21","guid":{"rendered":"https:\/\/wp.ufpel.edu.br\/clc\/?p=3063"},"modified":"2014-08-28T14:59:00","modified_gmt":"2014-08-28T17:59:00","slug":"nota-esclarecimento-testes-de-competencia-em-leitura","status":"publish","type":"post","link":"https:\/\/wp.ufpel.edu.br\/clc\/2014\/08\/28\/nota-esclarecimento-testes-de-competencia-em-leitura\/","title":{"rendered":"Nota esclarecimento: Testes de Compet\u00eancia em Leitura"},"content":{"rendered":"<p>A C\u00e2mara de Extens\u00e3o do CLC esclarece que, em raz\u00e3o do per\u00edodo de rematr\u00edculas e matr\u00edculas dos cursos b\u00e1sicos de L\u00edngua Estrangeira e L\u00edngua Portuguesa, os atestados dos Testes de Compet\u00eancia em Leitura de L\u00edngua Estrangeira (TCLLE), edi\u00e7\u00e3o 2014-1, ser\u00e3o confeccionados e entregues a partir do dia\u00a008 de setembro.<\/p>\n<p>D\u00favidas podem ser esclarecidas no telefone 3921-1520 ou no email:\u00a0<a href=\"mailto:caext@hotmail.com\">caext@hotmail.com<\/a><\/p>\n","protected":false},"excerpt":{"rendered":"<p>A C\u00e2mara de Extens\u00e3o do CLC esclarece que, em raz\u00e3o do per\u00edodo de rematr\u00edculas e matr\u00edculas dos cursos b\u00e1sicos de L\u00edngua Estrangeira e L\u00edngua Portuguesa, os atestados dos Testes de Compet\u00eancia em Leitura de L\u00edngua Estrangeira (TCLLE), edi\u00e7\u00e3o 2014-1, ser\u00e3o &hellip; <a href=\"https:\/\/wp.ufpel.edu.br\/clc\/2014\/08\/28\/nota-esclarecimento-testes-de-competencia-em-leitura\/\">Continue lendo <span class=\"meta-nav\">&rarr;<\/span><\/a><\/p>\n","protected":false},"author":50,"featured_media":0,"comment_status":"closed","ping_status":"open","sticky":false,"template":"","format":"standard","meta":{"footnotes":""},"categories":[1],"tags":[],"class_list":["post-3063","post","type-post","status-publish","format-standard","hentry","category-notcias"],"jetpack_featured_media_url":"","_links":{"self":[{"href":"https:\/\/wp.ufpel.edu.br\/clc\/wp-json\/wp\/v2\/posts\/3063","targetHints":{"allow":["GET"]}}],"collection":[{"href":"https:\/\/wp.ufpel.edu.br\/clc\/wp-json\/wp\/v2\/posts"}],"about":[{"href":"https:\/\/wp.ufpel.edu.br\/clc\/wp-json\/wp\/v2\/types\/post"}],"author":[{"embeddable":true,"href":"https:\/\/wp.ufpel.edu.br\/clc\/wp-json\/wp\/v2\/users\/50"}],"replies":[{"embeddable":true,"href":"https:\/\/wp.ufpel.edu.br\/clc\/wp-json\/wp\/v2\/comments?post=3063"}],"version-history":[{"count":2,"href":"https:\/\/wp.ufpel.edu.br\/clc\/wp-json\/wp\/v2\/posts\/3063\/revisions"}],"predecessor-version":[{"id":3070,"href":"https:\/\/wp.ufpel.edu.br\/clc\/wp-json\/wp\/v2\/posts\/3063\/revisions\/3070"}],"wp:attachment":[{"href":"https:\/\/wp.ufpel.edu.br\/clc\/wp-json\/wp\/v2\/media?parent=3063"}],"wp:term":[{"taxonomy":"category","embeddable":true,"href":"https:\/\/wp.ufpel.edu.br\/clc\/wp-json\/wp\/v2\/categories?post=3063"},{"taxonomy":"post_tag","embeddable":true,"href":"https:\/\/wp.ufpel.edu.br\/clc\/wp-json\/wp\/v2\/tags?post=3063"}],"curies":[{"name":"wp","href":"https:\/\/api.w.org\/{rel}","templated":true}]}}