{"id":3057,"date":"2014-08-26T15:56:46","date_gmt":"2014-08-26T18:56:46","guid":{"rendered":"https:\/\/wp.ufpel.edu.br\/clc\/?p=3057"},"modified":"2017-06-02T18:49:22","modified_gmt":"2017-06-02T21:49:22","slug":"resultado-do-sorteio-dos-cursos-basicos-de-linguas-e-divulgado","status":"publish","type":"post","link":"https:\/\/wp.ufpel.edu.br\/clc\/2014\/08\/26\/resultado-do-sorteio-dos-cursos-basicos-de-linguas-e-divulgado\/","title":{"rendered":"Resultado do sorteio dos Cursos B\u00e1sicos de L\u00ednguas \u00e9 divulgado"},"content":{"rendered":"<div style=\"color: #222222\">A C\u00e2mara de Extens\u00e3o do Centro de Letras e Comunica\u00e7\u00e3o\u00a0divulgou hoje a lista dos sorteados nos Cursos B\u00e1sicos de L\u00edngua\u00a0Estrangeira e L\u00edngua Portuguesa.<\/div>\n<p>Para conferir informa\u00e7\u00f5es sobre a matr\u00edcula, acesse o edital 005\/2014\u00a0no endere\u00e7o:\u00a0https:\/\/wp.ufpel.edu.br\/clc\/files\/2014\/07\/Edital-005_2014-cursos-basicos-2014-2.pdf<\/p>\n<p>Estudantes com aux\u00edlio da PRAE\/UFPel s\u00e3o isentos e devem\u00a0apresentar atestado comprobat\u00f3rio no ato da matr\u00edcula.<\/p>\n<p>Para conferir o resultado, acesse o link abaixo<\/p>\n<p><a href=\"https:\/\/wp.ufpel.edu.br\/clc\/files\/2014\/08\/RESULTADO-sorteio-cursos-2014-2-sem-CPF.pdf\">RESULTADO sorteio cursos 2014-2 sem CPF<\/a><\/p>\n","protected":false},"excerpt":{"rendered":"<p>A C\u00e2mara de Extens\u00e3o do Centro de Letras e Comunica\u00e7\u00e3o\u00a0divulgou hoje a lista dos sorteados nos Cursos B\u00e1sicos de L\u00edngua\u00a0Estrangeira e L\u00edngua Portuguesa. Para conferir informa\u00e7\u00f5es sobre a matr\u00edcula, acesse o edital 005\/2014\u00a0no endere\u00e7o:\u00a0https:\/\/wp.ufpel.edu.br\/clc\/files\/2014\/07\/Edital-005_2014-cursos-basicos-2014-2.pdf Estudantes com aux\u00edlio da PRAE\/UFPel s\u00e3o &hellip; <a href=\"https:\/\/wp.ufpel.edu.br\/clc\/2014\/08\/26\/resultado-do-sorteio-dos-cursos-basicos-de-linguas-e-divulgado\/\">Continue lendo <span class=\"meta-nav\">&rarr;<\/span><\/a><\/p>\n","protected":false},"author":50,"featured_media":0,"comment_status":"closed","ping_status":"open","sticky":false,"template":"","format":"standard","meta":{"footnotes":""},"categories":[33383,33380,33385,1],"tags":[],"class_list":["post-3057","post","type-post","status-publish","format-standard","hentry","category-abertos-a-comunidade","category-camara-de-extensao","category-editais-e-resultados","category-notcias"],"jetpack_featured_media_url":"","_links":{"self":[{"href":"https:\/\/wp.ufpel.edu.br\/clc\/wp-json\/wp\/v2\/posts\/3057","targetHints":{"allow":["GET"]}}],"collection":[{"href":"https:\/\/wp.ufpel.edu.br\/clc\/wp-json\/wp\/v2\/posts"}],"about":[{"href":"https:\/\/wp.ufpel.edu.br\/clc\/wp-json\/wp\/v2\/types\/post"}],"author":[{"embeddable":true,"href":"https:\/\/wp.ufpel.edu.br\/clc\/wp-json\/wp\/v2\/users\/50"}],"replies":[{"embeddable":true,"href":"https:\/\/wp.ufpel.edu.br\/clc\/wp-json\/wp\/v2\/comments?post=3057"}],"version-history":[{"count":4,"href":"https:\/\/wp.ufpel.edu.br\/clc\/wp-json\/wp\/v2\/posts\/3057\/revisions"}],"predecessor-version":[{"id":3062,"href":"https:\/\/wp.ufpel.edu.br\/clc\/wp-json\/wp\/v2\/posts\/3057\/revisions\/3062"}],"wp:attachment":[{"href":"https:\/\/wp.ufpel.edu.br\/clc\/wp-json\/wp\/v2\/media?parent=3057"}],"wp:term":[{"taxonomy":"category","embeddable":true,"href":"https:\/\/wp.ufpel.edu.br\/clc\/wp-json\/wp\/v2\/categories?post=3057"},{"taxonomy":"post_tag","embeddable":true,"href":"https:\/\/wp.ufpel.edu.br\/clc\/wp-json\/wp\/v2\/tags?post=3057"}],"curies":[{"name":"wp","href":"https:\/\/api.w.org\/{rel}","templated":true}]}}