{"id":2963,"date":"2014-07-10T10:12:13","date_gmt":"2014-07-10T13:12:13","guid":{"rendered":"https:\/\/wp.ufpel.edu.br\/clc\/?p=2963"},"modified":"2014-07-10T10:12:13","modified_gmt":"2014-07-10T13:12:13","slug":"professor-do-jornalismo-participa-de-jornada-gaucha-sobre-recepcao","status":"publish","type":"post","link":"https:\/\/wp.ufpel.edu.br\/clc\/2014\/07\/10\/professor-do-jornalismo-participa-de-jornada-gaucha-sobre-recepcao\/","title":{"rendered":"Professor do Jornalismo participa de  Jornada Ga\u00facha sobre Recep\u00e7\u00e3o"},"content":{"rendered":"<p><span style=\"font-family: Bitstream Charter,serif\"><span style=\"font-size: medium\">O professor do Curso de Jornalismo da UFPel, F\u00e1bio Cruz, vai participar da II Jornada Ga\u00facha de Pesquisadores de Recep\u00e7\u00e3o. O evento se realiza nos dias 17 e 18 de julho, na Universidade Federal de Santa Maria. Cruz vai apresentar \u00a0o trabalho &#8220;<em>Eles podem ser malucos, mas s\u00e3o profissionais!\u201d &#8211; Um Estudo de Recep\u00e7\u00e3o sobre o Grupo Black Sabbath no Programa Fant\u00e1stico<\/em>.<\/span><\/span><\/p>\n<p style=\"margin-bottom: 0cm;font-style: normal;font-weight: normal;text-decoration: none\" align=\"JUSTIFY\"><span style=\"font-family: Bitstream Charter,serif\"><span style=\"font-size: medium\">Al\u00e9m da apresenta\u00e7\u00e3o do trabalho, o professor vai coordenar um GT e tamb\u00e9m far\u00e1 parte da comiss\u00e3o cient\u00edfica do evento.<\/span><\/span><\/p>\n<p style=\"margin-bottom: 0cm\" align=\"LEFT\"><span style=\"font-family: Bitstream Charter,serif\"><span style=\"font-size: medium\"><span style=\"font-style: normal\"><span style=\"text-decoration: none\"><span style=\"font-weight: normal\">O trabalho pode ser acessado pelo <a href=\"http:\/\/coralx.ufsm.br\/jornadarecepcao\/wp-content\/uploads\/2014\/07\/POSCOM_-_jornada_resumo_CRUZ.pdf\">http:\/\/coralx.ufsm.br\/jornadarecepcao\/wp-content\/uploads\/2014\/07\/POSCOM_-_jornada_resumo_CRUZ.pdf<\/a><\/span><\/span><\/span><\/span><\/span><\/p>\n<p style=\"margin-bottom: 0cm;font-style: normal;font-weight: normal;text-decoration: none\" align=\"LEFT\"><span style=\"font-family: Bitstream Charter,serif\"><span style=\"font-size: medium\">Mais informa\u00e7\u00f5es sobre a II Jornada Ga\u00facha de Pesquisadores de Recep\u00e7\u00e3o, no site <\/span><\/span><\/p>\n<p style=\"margin-bottom: 0cm;font-style: normal;font-weight: normal;text-decoration: none\" align=\"LEFT\"><span style=\"font-family: Bitstream Charter,serif\"><span style=\"font-size: medium\">http:\/\/coralx.ufsm.br\/jornadarecepcao\/<\/span><\/span><\/p>\n","protected":false},"excerpt":{"rendered":"<p>O professor do Curso de Jornalismo da UFPel, F\u00e1bio Cruz, vai participar da II Jornada Ga\u00facha de Pesquisadores de Recep\u00e7\u00e3o. O evento se realiza nos dias 17 e 18 de julho, na Universidade Federal de Santa Maria. Cruz vai apresentar &hellip; <a href=\"https:\/\/wp.ufpel.edu.br\/clc\/2014\/07\/10\/professor-do-jornalismo-participa-de-jornada-gaucha-sobre-recepcao\/\">Continue lendo <span class=\"meta-nav\">&rarr;<\/span><\/a><\/p>\n","protected":false},"author":50,"featured_media":0,"comment_status":"closed","ping_status":"open","sticky":false,"template":"","format":"standard","meta":{"footnotes":""},"categories":[1],"tags":[],"class_list":["post-2963","post","type-post","status-publish","format-standard","hentry","category-notcias"],"jetpack_featured_media_url":"","_links":{"self":[{"href":"https:\/\/wp.ufpel.edu.br\/clc\/wp-json\/wp\/v2\/posts\/2963","targetHints":{"allow":["GET"]}}],"collection":[{"href":"https:\/\/wp.ufpel.edu.br\/clc\/wp-json\/wp\/v2\/posts"}],"about":[{"href":"https:\/\/wp.ufpel.edu.br\/clc\/wp-json\/wp\/v2\/types\/post"}],"author":[{"embeddable":true,"href":"https:\/\/wp.ufpel.edu.br\/clc\/wp-json\/wp\/v2\/users\/50"}],"replies":[{"embeddable":true,"href":"https:\/\/wp.ufpel.edu.br\/clc\/wp-json\/wp\/v2\/comments?post=2963"}],"version-history":[{"count":2,"href":"https:\/\/wp.ufpel.edu.br\/clc\/wp-json\/wp\/v2\/posts\/2963\/revisions"}],"predecessor-version":[{"id":2965,"href":"https:\/\/wp.ufpel.edu.br\/clc\/wp-json\/wp\/v2\/posts\/2963\/revisions\/2965"}],"wp:attachment":[{"href":"https:\/\/wp.ufpel.edu.br\/clc\/wp-json\/wp\/v2\/media?parent=2963"}],"wp:term":[{"taxonomy":"category","embeddable":true,"href":"https:\/\/wp.ufpel.edu.br\/clc\/wp-json\/wp\/v2\/categories?post=2963"},{"taxonomy":"post_tag","embeddable":true,"href":"https:\/\/wp.ufpel.edu.br\/clc\/wp-json\/wp\/v2\/tags?post=2963"}],"curies":[{"name":"wp","href":"https:\/\/api.w.org\/{rel}","templated":true}]}}