{"id":2953,"date":"2014-07-02T15:12:46","date_gmt":"2014-07-02T18:12:46","guid":{"rendered":"https:\/\/wp.ufpel.edu.br\/clc\/?p=2953"},"modified":"2014-08-20T16:51:32","modified_gmt":"2014-08-20T19:51:32","slug":"recesso-da-camara-de-extensao","status":"publish","type":"post","link":"https:\/\/wp.ufpel.edu.br\/clc\/2014\/07\/02\/recesso-da-camara-de-extensao\/","title":{"rendered":"C\u00e2mara de Extens\u00e3o estar\u00e1 fechada na primeira quinzena de agosto"},"content":{"rendered":"<p style=\"line-height: 15.05pt;background: white;margin: 0cm 0cm 16.2pt 0cm\"><span style=\"font-family: Calibri;font-size: medium\">A C\u00e2mara de Extens\u00e3o do Centro de Letras e Comunica\u00e7\u00e3o informa que estar\u00e1 em <b>RECESSO no per\u00edodo de 1\u00ba a 15 de agosto de 2014.<\/b> A secretaria voltar\u00e1 ao funcionamento normal a partir de 18 de agosto, de segunda a sexta, das 14h \u00e0s 20h. <\/span><\/p>\n<p><span style=\"color: #222222\">A CaExt lan\u00e7ou o<\/span><span style=\"color: #2c2b2b\">\u00a0edital dos\u00a0<\/span><b style=\"color: #2c2b2b\">cursos b\u00e1sicos de extens\u00e3o em l\u00edngua estrangeira e portuguesa\u00a0<\/b><span style=\"color: #2c2b2b\">do segundo semestre de 2014.\u00a0<\/span><b style=\"color: #2c2b2b\">Confira no link\u00a0<\/b><a style=\"color: #1155cc\" href=\"https:\/\/wp.ufpel.edu.br\/clc\/files\/2014\/07\/Edital-005_2014-cursos-basicos-2014-2.pdf\" target=\"_blank\">https:\/\/wp.ufpel.edu.br\/clc\/files\/2014\/07\/Edital-005_2014-cursos-basicos-2014-2.pdf<\/a><\/p>\n","protected":false},"excerpt":{"rendered":"<p>A C\u00e2mara de Extens\u00e3o do Centro de Letras e Comunica\u00e7\u00e3o informa que estar\u00e1 em RECESSO no per\u00edodo de 1\u00ba a 15 de agosto de 2014. A secretaria voltar\u00e1 ao funcionamento normal a partir de 18 de agosto, de segunda a &hellip; <a href=\"https:\/\/wp.ufpel.edu.br\/clc\/2014\/07\/02\/recesso-da-camara-de-extensao\/\">Continue lendo <span class=\"meta-nav\">&rarr;<\/span><\/a><\/p>\n","protected":false},"author":50,"featured_media":0,"comment_status":"closed","ping_status":"open","sticky":false,"template":"","format":"standard","meta":{"footnotes":""},"categories":[1],"tags":[],"class_list":["post-2953","post","type-post","status-publish","format-standard","hentry","category-notcias"],"jetpack_featured_media_url":"","_links":{"self":[{"href":"https:\/\/wp.ufpel.edu.br\/clc\/wp-json\/wp\/v2\/posts\/2953","targetHints":{"allow":["GET"]}}],"collection":[{"href":"https:\/\/wp.ufpel.edu.br\/clc\/wp-json\/wp\/v2\/posts"}],"about":[{"href":"https:\/\/wp.ufpel.edu.br\/clc\/wp-json\/wp\/v2\/types\/post"}],"author":[{"embeddable":true,"href":"https:\/\/wp.ufpel.edu.br\/clc\/wp-json\/wp\/v2\/users\/50"}],"replies":[{"embeddable":true,"href":"https:\/\/wp.ufpel.edu.br\/clc\/wp-json\/wp\/v2\/comments?post=2953"}],"version-history":[{"count":4,"href":"https:\/\/wp.ufpel.edu.br\/clc\/wp-json\/wp\/v2\/posts\/2953\/revisions"}],"predecessor-version":[{"id":3024,"href":"https:\/\/wp.ufpel.edu.br\/clc\/wp-json\/wp\/v2\/posts\/2953\/revisions\/3024"}],"wp:attachment":[{"href":"https:\/\/wp.ufpel.edu.br\/clc\/wp-json\/wp\/v2\/media?parent=2953"}],"wp:term":[{"taxonomy":"category","embeddable":true,"href":"https:\/\/wp.ufpel.edu.br\/clc\/wp-json\/wp\/v2\/categories?post=2953"},{"taxonomy":"post_tag","embeddable":true,"href":"https:\/\/wp.ufpel.edu.br\/clc\/wp-json\/wp\/v2\/tags?post=2953"}],"curies":[{"name":"wp","href":"https:\/\/api.w.org\/{rel}","templated":true}]}}