{"id":2919,"date":"2014-06-11T17:44:28","date_gmt":"2014-06-11T20:44:28","guid":{"rendered":"https:\/\/wp.ufpel.edu.br\/clc\/?p=2919"},"modified":"2014-06-11T17:44:28","modified_gmt":"2014-06-11T20:44:28","slug":"abertas-as-inscricoes-para-o-13-premio-de-jornalismo-na-area-do-agronegocio","status":"publish","type":"post","link":"https:\/\/wp.ufpel.edu.br\/clc\/2014\/06\/11\/abertas-as-inscricoes-para-o-13-premio-de-jornalismo-na-area-do-agronegocio\/","title":{"rendered":"Abertas as inscri\u00e7\u00f5es para o 13\u00b0 Pr\u00eamio de Jornalismo na \u00e1rea do Agroneg\u00f3cio"},"content":{"rendered":"<p>O concurso cultural realizado pela Massey Ferguson, abriu as inscri\u00e7\u00f5es para rep\u00f3rteres e estudantes de toda a Am\u00e9rica do Sul.<\/p>\n<p>A iniciativa tem como objetivo valorizar os profissionais da \u00e1rea de comunica\u00e7\u00e3o que divulgam o agroneg\u00f3cio. Poder\u00e3o concorrer trabalhos publicados\/veiculados de 01\/07\/2013 \u00e0 01\/07\/14. As inscri\u00e7\u00f5es v\u00e3o at\u00e9 dia 10 de julho pelo site www.premiojornalismo.com.br.<\/p>\n<p>As premia\u00e7\u00f5es contemplam sete categoria entre elas a de Estudante e Fotojornalismo. Os estudantes \u00a0de jornalismo poder\u00e3o inscrever textos produzidos para uma disciplina ou jornal laborat\u00f3rio impresso, seguindo o mesmo per\u00edodo proposto pelo regulamento.<\/p>\n<p>&nbsp;<\/p>\n<p>&nbsp;<\/p>\n","protected":false},"excerpt":{"rendered":"<p>O concurso cultural realizado pela Massey Ferguson, abriu as inscri\u00e7\u00f5es para rep\u00f3rteres e estudantes de toda a Am\u00e9rica do Sul. A iniciativa tem como objetivo valorizar os profissionais da \u00e1rea de comunica\u00e7\u00e3o que divulgam o agroneg\u00f3cio. Poder\u00e3o concorrer trabalhos publicados\/veiculados &hellip; <a href=\"https:\/\/wp.ufpel.edu.br\/clc\/2014\/06\/11\/abertas-as-inscricoes-para-o-13-premio-de-jornalismo-na-area-do-agronegocio\/\">Continue lendo <span class=\"meta-nav\">&rarr;<\/span><\/a><\/p>\n","protected":false},"author":50,"featured_media":0,"comment_status":"closed","ping_status":"open","sticky":false,"template":"","format":"standard","meta":{"footnotes":""},"categories":[1],"tags":[],"class_list":["post-2919","post","type-post","status-publish","format-standard","hentry","category-notcias"],"jetpack_featured_media_url":"","_links":{"self":[{"href":"https:\/\/wp.ufpel.edu.br\/clc\/wp-json\/wp\/v2\/posts\/2919","targetHints":{"allow":["GET"]}}],"collection":[{"href":"https:\/\/wp.ufpel.edu.br\/clc\/wp-json\/wp\/v2\/posts"}],"about":[{"href":"https:\/\/wp.ufpel.edu.br\/clc\/wp-json\/wp\/v2\/types\/post"}],"author":[{"embeddable":true,"href":"https:\/\/wp.ufpel.edu.br\/clc\/wp-json\/wp\/v2\/users\/50"}],"replies":[{"embeddable":true,"href":"https:\/\/wp.ufpel.edu.br\/clc\/wp-json\/wp\/v2\/comments?post=2919"}],"version-history":[{"count":1,"href":"https:\/\/wp.ufpel.edu.br\/clc\/wp-json\/wp\/v2\/posts\/2919\/revisions"}],"predecessor-version":[{"id":2920,"href":"https:\/\/wp.ufpel.edu.br\/clc\/wp-json\/wp\/v2\/posts\/2919\/revisions\/2920"}],"wp:attachment":[{"href":"https:\/\/wp.ufpel.edu.br\/clc\/wp-json\/wp\/v2\/media?parent=2919"}],"wp:term":[{"taxonomy":"category","embeddable":true,"href":"https:\/\/wp.ufpel.edu.br\/clc\/wp-json\/wp\/v2\/categories?post=2919"},{"taxonomy":"post_tag","embeddable":true,"href":"https:\/\/wp.ufpel.edu.br\/clc\/wp-json\/wp\/v2\/tags?post=2919"}],"curies":[{"name":"wp","href":"https:\/\/api.w.org\/{rel}","templated":true}]}}