{"id":2917,"date":"2014-06-11T17:33:40","date_gmt":"2014-06-11T20:33:40","guid":{"rendered":"https:\/\/wp.ufpel.edu.br\/clc\/?p=2917"},"modified":"2017-06-02T18:49:31","modified_gmt":"2017-06-02T21:49:31","slug":"programa-jovens-talentos-para-ciencia-abre-inscricoes","status":"publish","type":"post","link":"https:\/\/wp.ufpel.edu.br\/clc\/2014\/06\/11\/programa-jovens-talentos-para-ciencia-abre-inscricoes\/","title":{"rendered":"Programa Jovens Talentos para Ci\u00eancia abre inscri\u00e7\u00f5es"},"content":{"rendered":"<p>A Pr\u00f3-Reitoria de Gradua\u00e7\u00e3o(PRG) informou hoje\u00a0que est\u00e3o abertas aos estudantes de gradua\u00e7\u00e3o at\u00e9 as 23h59min do dia 20 de junho (sexta-feira), as inscri\u00e7\u00f5es para o Edital N\u00ba 26\/2014 da CAPES, referente ao Programa Jovens Talentos para Ci\u00eancia. Recentemente, este Programa passou a ser gerido pela Coordena\u00e7\u00e3o de Programas e Projetos da PRG.<\/p>\n<p>Segundo a Capes, \u201co programa de incentivo \u00e0 inicia\u00e7\u00e3o cient\u00edfica Jovens Talentos para a Ci\u00eancia \u00e9 destinado a estudantes de gradua\u00e7\u00e3o de todas as \u00e1reas do conhecimento e tem o objetivo de inserir precocemente os estudantes no meio cient\u00edfico\u201d. Em todo o Brasil, ser\u00e3o concedidas at\u00e9 onze mil bolsas de inicia\u00e7\u00e3o cient\u00edfica aos melhores colocados, pelo per\u00edodo de at\u00e9 12 meses, a serem implementadas a partir de 2 de janeiro de 2015.<\/p>\n<p>Os estudantes interessados dever\u00e3o se inscrever exclusivamente atrav\u00e9s do endere\u00e7o eletr\u00f4nico<a href=\"http:\/\/jovenstalentos.capes.gov.br\/\">http:\/\/jovenstalentos.capes.gov.br\/<\/a>. A sele\u00e7\u00e3o ocorrer\u00e1 mediante prova de conhecimentos gerais (exatas e humanas) aplicada pela UFPel, no dia 14 de setembro, a partir das 13h, mediante orienta\u00e7\u00f5es disponibilizadas posteriormente.<br \/>\nTodas as orienta\u00e7\u00f5es sobre o programa est\u00e3o dispon\u00edveis no endere\u00e7o eletr\u00f4nico<a href=\"http:\/\/www.capes.gov.br\/bolsas\/programas-especiais\/jovens-talentos-para-a-ciencia\">http:\/\/www.capes.gov.br\/bolsas\/programas-especiais\/jovens-talentos-para-a-ciencia<\/a><\/p>\n","protected":false},"excerpt":{"rendered":"<p>A Pr\u00f3-Reitoria de Gradua\u00e7\u00e3o(PRG) informou hoje\u00a0que est\u00e3o abertas aos estudantes de gradua\u00e7\u00e3o at\u00e9 as 23h59min do dia 20 de junho (sexta-feira), as inscri\u00e7\u00f5es para o Edital N\u00ba 26\/2014 da CAPES, referente ao Programa Jovens Talentos para Ci\u00eancia. Recentemente, este Programa &hellip; <a href=\"https:\/\/wp.ufpel.edu.br\/clc\/2014\/06\/11\/programa-jovens-talentos-para-ciencia-abre-inscricoes\/\">Continue lendo <span class=\"meta-nav\">&rarr;<\/span><\/a><\/p>\n","protected":false},"author":50,"featured_media":0,"comment_status":"closed","ping_status":"open","sticky":false,"template":"","format":"standard","meta":{"footnotes":""},"categories":[33385,1],"tags":[],"class_list":["post-2917","post","type-post","status-publish","format-standard","hentry","category-editais-e-resultados","category-notcias"],"jetpack_featured_media_url":"","_links":{"self":[{"href":"https:\/\/wp.ufpel.edu.br\/clc\/wp-json\/wp\/v2\/posts\/2917","targetHints":{"allow":["GET"]}}],"collection":[{"href":"https:\/\/wp.ufpel.edu.br\/clc\/wp-json\/wp\/v2\/posts"}],"about":[{"href":"https:\/\/wp.ufpel.edu.br\/clc\/wp-json\/wp\/v2\/types\/post"}],"author":[{"embeddable":true,"href":"https:\/\/wp.ufpel.edu.br\/clc\/wp-json\/wp\/v2\/users\/50"}],"replies":[{"embeddable":true,"href":"https:\/\/wp.ufpel.edu.br\/clc\/wp-json\/wp\/v2\/comments?post=2917"}],"version-history":[{"count":1,"href":"https:\/\/wp.ufpel.edu.br\/clc\/wp-json\/wp\/v2\/posts\/2917\/revisions"}],"predecessor-version":[{"id":2918,"href":"https:\/\/wp.ufpel.edu.br\/clc\/wp-json\/wp\/v2\/posts\/2917\/revisions\/2918"}],"wp:attachment":[{"href":"https:\/\/wp.ufpel.edu.br\/clc\/wp-json\/wp\/v2\/media?parent=2917"}],"wp:term":[{"taxonomy":"category","embeddable":true,"href":"https:\/\/wp.ufpel.edu.br\/clc\/wp-json\/wp\/v2\/categories?post=2917"},{"taxonomy":"post_tag","embeddable":true,"href":"https:\/\/wp.ufpel.edu.br\/clc\/wp-json\/wp\/v2\/tags?post=2917"}],"curies":[{"name":"wp","href":"https:\/\/api.w.org\/{rel}","templated":true}]}}