{"id":2909,"date":"2014-06-09T15:57:59","date_gmt":"2014-06-09T18:57:59","guid":{"rendered":"https:\/\/wp.ufpel.edu.br\/clc\/?p=2909"},"modified":"2017-06-02T18:49:32","modified_gmt":"2017-06-02T21:49:32","slug":"testes-de-competencia-em-leitura-em-lingua-estrangeira-tem-inscricoes-abertas","status":"publish","type":"post","link":"https:\/\/wp.ufpel.edu.br\/clc\/2014\/06\/09\/testes-de-competencia-em-leitura-em-lingua-estrangeira-tem-inscricoes-abertas\/","title":{"rendered":"Testes de Compet\u00eancia em Leitura em L\u00edngua Estrangeira t\u00eam inscri\u00e7\u00f5es abertas"},"content":{"rendered":"<p>Est\u00e3o abertas as inscri\u00e7\u00f5es para os Testes de Compet\u00eancia em Leitura em L\u00edngua Estrangeira (TCLLE), oferecidos pela C\u00e2mara de Extens\u00e3o do Centro de Letras e Comunica\u00e7\u00e3o da UFPel. Os testes oferecidos s\u00e3o de Alem\u00e3o, Espanhol, Franc\u00eas e Ingl\u00eas.<\/p>\n<p>A inscri\u00e7\u00e3o dever\u00e1 ser feita entre as 14h de 09 de junho at\u00e9 as 18h de 23 de junho de 2014. A taxa \u00e9 de R$ 70,00. \u00a0Mais detalhes sobre a inscri\u00e7\u00e3o no edital:\u00a0<a href=\"http:\/\/ces.ufpel.edu.br\/conctecadmed0070_2014\/download\/2014\/edital0070_2014.pdf\"><span style=\"color: #743399\">http:\/\/ces.ufpel.edu.br\/conctecadmed0070_2014\/download\/2014\/edital0070_2014.pdf<\/span><\/a><\/p>\n<p><span>As provas ser\u00e3o realizadas na data de 27 de julho de 2014,\u00a0<b>\u00e0s 10h,\u00a0<\/b><span>com dura\u00e7\u00e3o de 2h30min, no Campus Porto \u2013 Anglo, na rua Gomes Carneiro, n\u00ba 01.<\/span><\/span><\/p>\n<p>Os \u00a0atestados de compet\u00eancia devem ser solicitados via e-mail (<a href=\"mailto:caext@hotmail.com\"><span style=\"color: #743399\">caext@hotmail.com<\/span><\/a>) a partir da data de divulga\u00e7\u00e3o dos resultados finais do TCLLE, com data a definir. O prazo para solicitar o atestado de compet\u00eancia ser\u00e1 de seis meses.<\/p>\n","protected":false},"excerpt":{"rendered":"<p>Est\u00e3o abertas as inscri\u00e7\u00f5es para os Testes de Compet\u00eancia em Leitura em L\u00edngua Estrangeira (TCLLE), oferecidos pela C\u00e2mara de Extens\u00e3o do Centro de Letras e Comunica\u00e7\u00e3o da UFPel. Os testes oferecidos s\u00e3o de Alem\u00e3o, Espanhol, Franc\u00eas e Ingl\u00eas. A inscri\u00e7\u00e3o &hellip; <a href=\"https:\/\/wp.ufpel.edu.br\/clc\/2014\/06\/09\/testes-de-competencia-em-leitura-em-lingua-estrangeira-tem-inscricoes-abertas\/\">Continue lendo <span class=\"meta-nav\">&rarr;<\/span><\/a><\/p>\n","protected":false},"author":50,"featured_media":0,"comment_status":"closed","ping_status":"open","sticky":false,"template":"","format":"standard","meta":{"footnotes":""},"categories":[33385,1],"tags":[],"class_list":["post-2909","post","type-post","status-publish","format-standard","hentry","category-editais-e-resultados","category-notcias"],"jetpack_featured_media_url":"","_links":{"self":[{"href":"https:\/\/wp.ufpel.edu.br\/clc\/wp-json\/wp\/v2\/posts\/2909","targetHints":{"allow":["GET"]}}],"collection":[{"href":"https:\/\/wp.ufpel.edu.br\/clc\/wp-json\/wp\/v2\/posts"}],"about":[{"href":"https:\/\/wp.ufpel.edu.br\/clc\/wp-json\/wp\/v2\/types\/post"}],"author":[{"embeddable":true,"href":"https:\/\/wp.ufpel.edu.br\/clc\/wp-json\/wp\/v2\/users\/50"}],"replies":[{"embeddable":true,"href":"https:\/\/wp.ufpel.edu.br\/clc\/wp-json\/wp\/v2\/comments?post=2909"}],"version-history":[{"count":2,"href":"https:\/\/wp.ufpel.edu.br\/clc\/wp-json\/wp\/v2\/posts\/2909\/revisions"}],"predecessor-version":[{"id":2915,"href":"https:\/\/wp.ufpel.edu.br\/clc\/wp-json\/wp\/v2\/posts\/2909\/revisions\/2915"}],"wp:attachment":[{"href":"https:\/\/wp.ufpel.edu.br\/clc\/wp-json\/wp\/v2\/media?parent=2909"}],"wp:term":[{"taxonomy":"category","embeddable":true,"href":"https:\/\/wp.ufpel.edu.br\/clc\/wp-json\/wp\/v2\/categories?post=2909"},{"taxonomy":"post_tag","embeddable":true,"href":"https:\/\/wp.ufpel.edu.br\/clc\/wp-json\/wp\/v2\/tags?post=2909"}],"curies":[{"name":"wp","href":"https:\/\/api.w.org\/{rel}","templated":true}]}}