{"id":2885,"date":"2014-05-30T15:24:09","date_gmt":"2014-05-30T18:24:09","guid":{"rendered":"https:\/\/wp.ufpel.edu.br\/clc\/?p=2885"},"modified":"2014-05-30T15:24:09","modified_gmt":"2014-05-30T18:24:09","slug":"certificados-do-curso-de-introducao-ao-portugues-historico-ja-podem-ser-retirados","status":"publish","type":"post","link":"https:\/\/wp.ufpel.edu.br\/clc\/2014\/05\/30\/certificados-do-curso-de-introducao-ao-portugues-historico-ja-podem-ser-retirados\/","title":{"rendered":"Certificados do curso de Introdu\u00e7\u00e3o ao Portugu\u00eas Hist\u00f3rico j\u00e1 podem ser retirados"},"content":{"rendered":"<p>A <i style=\"color: #222222\">CaExt<\/i>\u00a0informou esta tarde, que os certificados do curso de Introdu\u00e7\u00e3o ao Portugu\u00eas Hist\u00f3rico, do ano de 2013, est\u00e3o prontos e \u00e0 disposi\u00e7\u00e3o para retirada.<\/p>\n<p>A\u00a0<i style=\"color: #222222\">CaExt fica<\/i>\u00a0na sala 102 do Anglo e o atendimento \u00e9 de segunda a sexta, das 14h \u00e0s 20h.<\/p>\n","protected":false},"excerpt":{"rendered":"<p>A CaExt\u00a0informou esta tarde, que os certificados do curso de Introdu\u00e7\u00e3o ao Portugu\u00eas Hist\u00f3rico, do ano de 2013, est\u00e3o prontos e \u00e0 disposi\u00e7\u00e3o para retirada. A\u00a0CaExt fica\u00a0na sala 102 do Anglo e o atendimento \u00e9 de segunda a sexta, das &hellip; <a href=\"https:\/\/wp.ufpel.edu.br\/clc\/2014\/05\/30\/certificados-do-curso-de-introducao-ao-portugues-historico-ja-podem-ser-retirados\/\">Continue lendo <span class=\"meta-nav\">&rarr;<\/span><\/a><\/p>\n","protected":false},"author":50,"featured_media":0,"comment_status":"closed","ping_status":"open","sticky":false,"template":"","format":"standard","meta":{"footnotes":""},"categories":[1],"tags":[],"class_list":["post-2885","post","type-post","status-publish","format-standard","hentry","category-notcias"],"jetpack_featured_media_url":"","_links":{"self":[{"href":"https:\/\/wp.ufpel.edu.br\/clc\/wp-json\/wp\/v2\/posts\/2885","targetHints":{"allow":["GET"]}}],"collection":[{"href":"https:\/\/wp.ufpel.edu.br\/clc\/wp-json\/wp\/v2\/posts"}],"about":[{"href":"https:\/\/wp.ufpel.edu.br\/clc\/wp-json\/wp\/v2\/types\/post"}],"author":[{"embeddable":true,"href":"https:\/\/wp.ufpel.edu.br\/clc\/wp-json\/wp\/v2\/users\/50"}],"replies":[{"embeddable":true,"href":"https:\/\/wp.ufpel.edu.br\/clc\/wp-json\/wp\/v2\/comments?post=2885"}],"version-history":[{"count":1,"href":"https:\/\/wp.ufpel.edu.br\/clc\/wp-json\/wp\/v2\/posts\/2885\/revisions"}],"predecessor-version":[{"id":2886,"href":"https:\/\/wp.ufpel.edu.br\/clc\/wp-json\/wp\/v2\/posts\/2885\/revisions\/2886"}],"wp:attachment":[{"href":"https:\/\/wp.ufpel.edu.br\/clc\/wp-json\/wp\/v2\/media?parent=2885"}],"wp:term":[{"taxonomy":"category","embeddable":true,"href":"https:\/\/wp.ufpel.edu.br\/clc\/wp-json\/wp\/v2\/categories?post=2885"},{"taxonomy":"post_tag","embeddable":true,"href":"https:\/\/wp.ufpel.edu.br\/clc\/wp-json\/wp\/v2\/tags?post=2885"}],"curies":[{"name":"wp","href":"https:\/\/api.w.org\/{rel}","templated":true}]}}