{"id":2881,"date":"2014-05-30T15:17:15","date_gmt":"2014-05-30T18:17:15","guid":{"rendered":"https:\/\/wp.ufpel.edu.br\/clc\/?p=2881"},"modified":"2014-05-30T15:17:15","modified_gmt":"2014-05-30T18:17:15","slug":"minc-e-ijsln-realizam-mateada-do-romualdo-centenario-dos-casos-do-romualdo","status":"publish","type":"post","link":"https:\/\/wp.ufpel.edu.br\/clc\/2014\/05\/30\/minc-e-ijsln-realizam-mateada-do-romualdo-centenario-dos-casos-do-romualdo\/","title":{"rendered":"MinC e IJSLN realizam Mateada do Romualdo &#8211; Centen\u00e1rio dos &#8220;Casos do Romualdo&#8221;"},"content":{"rendered":"<p>No pr\u00f3ximo domingo, 1\u00b0 de junho, o Minist\u00e9rio da Cultura juntamente com o Instituto Jo\u00e3o Sim\u00f5es Lopes Neto, realiza o\u00a0Centen\u00e1rio dos &#8220;Casos do Romualdo&#8221; &#8211; Mateada do Romualdo.<\/p>\n<p>Com apresenta\u00e7\u00f5es musicais, teatrais e de dan\u00e7a, o evento ser\u00e1 realizado no Parque da Baronesa, das 14:30 \u00e0s 17:30.<\/p>\n<p>Al\u00e9m da entrada franca, haver\u00e1 a distribui\u00e7\u00e3o de erva-mate.<\/p>\n<p><a href=\"https:\/\/wp.ufpel.edu.br\/clc\/files\/2014\/05\/Convite-Mateada-do-Romualdo.jpg\"><img loading=\"lazy\" decoding=\"async\" class=\"aligncenter size-large wp-image-2882\" src=\"https:\/\/wp.ufpel.edu.br\/clc\/files\/2014\/05\/Convite-Mateada-do-Romualdo-717x1024.jpg\" alt=\"Convite Mateada do Romualdo\" width=\"590\" height=\"842\" \/><\/a><\/p>\n","protected":false},"excerpt":{"rendered":"<p>No pr\u00f3ximo domingo, 1\u00b0 de junho, o Minist\u00e9rio da Cultura juntamente com o Instituto Jo\u00e3o Sim\u00f5es Lopes Neto, realiza o\u00a0Centen\u00e1rio dos &#8220;Casos do Romualdo&#8221; &#8211; Mateada do Romualdo. Com apresenta\u00e7\u00f5es musicais, teatrais e de dan\u00e7a, o evento ser\u00e1 realizado no &hellip; <a href=\"https:\/\/wp.ufpel.edu.br\/clc\/2014\/05\/30\/minc-e-ijsln-realizam-mateada-do-romualdo-centenario-dos-casos-do-romualdo\/\">Continue lendo <span class=\"meta-nav\">&rarr;<\/span><\/a><\/p>\n","protected":false},"author":50,"featured_media":0,"comment_status":"closed","ping_status":"open","sticky":false,"template":"","format":"standard","meta":{"footnotes":""},"categories":[1],"tags":[],"class_list":["post-2881","post","type-post","status-publish","format-standard","hentry","category-notcias"],"jetpack_featured_media_url":"","_links":{"self":[{"href":"https:\/\/wp.ufpel.edu.br\/clc\/wp-json\/wp\/v2\/posts\/2881","targetHints":{"allow":["GET"]}}],"collection":[{"href":"https:\/\/wp.ufpel.edu.br\/clc\/wp-json\/wp\/v2\/posts"}],"about":[{"href":"https:\/\/wp.ufpel.edu.br\/clc\/wp-json\/wp\/v2\/types\/post"}],"author":[{"embeddable":true,"href":"https:\/\/wp.ufpel.edu.br\/clc\/wp-json\/wp\/v2\/users\/50"}],"replies":[{"embeddable":true,"href":"https:\/\/wp.ufpel.edu.br\/clc\/wp-json\/wp\/v2\/comments?post=2881"}],"version-history":[{"count":2,"href":"https:\/\/wp.ufpel.edu.br\/clc\/wp-json\/wp\/v2\/posts\/2881\/revisions"}],"predecessor-version":[{"id":2884,"href":"https:\/\/wp.ufpel.edu.br\/clc\/wp-json\/wp\/v2\/posts\/2881\/revisions\/2884"}],"wp:attachment":[{"href":"https:\/\/wp.ufpel.edu.br\/clc\/wp-json\/wp\/v2\/media?parent=2881"}],"wp:term":[{"taxonomy":"category","embeddable":true,"href":"https:\/\/wp.ufpel.edu.br\/clc\/wp-json\/wp\/v2\/categories?post=2881"},{"taxonomy":"post_tag","embeddable":true,"href":"https:\/\/wp.ufpel.edu.br\/clc\/wp-json\/wp\/v2\/tags?post=2881"}],"curies":[{"name":"wp","href":"https:\/\/api.w.org\/{rel}","templated":true}]}}