{"id":2875,"date":"2014-05-27T17:52:53","date_gmt":"2014-05-27T20:52:53","guid":{"rendered":"https:\/\/wp.ufpel.edu.br\/clc\/?p=2875"},"modified":"2017-06-02T18:49:33","modified_gmt":"2017-06-02T21:49:33","slug":"abertas-as-inscricoes-para-eleicao-de-coordenador-do-curso-de-jornalismo","status":"publish","type":"post","link":"https:\/\/wp.ufpel.edu.br\/clc\/2014\/05\/27\/abertas-as-inscricoes-para-eleicao-de-coordenador-do-curso-de-jornalismo\/","title":{"rendered":"Abertas as inscri\u00e7\u00f5es para elei\u00e7\u00e3o de Coordenador do Curso de Jornalismo"},"content":{"rendered":"<p>O Colegiado do Curso de Jornalismo abriu\u00a0inscri\u00e7\u00f5es\u00a0para o processo de consulta p\u00fablica para escolha do coordenador do Curso de Jornalismo.<\/p>\n<p>Poder\u00e3o se candidatar todos os professores efetivos do CLC que atuam no curso\u00a0de Jornalismo. As inscri\u00e7\u00f5es dos candidatos podem ser\u00a0realizadas na Secretaria dos Colegiados, sala 107, do Centro de Letras e Comunica\u00e7\u00e3o, das 14hs \u00e0s 21hs at\u00e9 o dia 30 de junho.<\/p>\n<p>A vota\u00e7\u00e3o acontece no Sagu\u00e3o do Centro de Letras, nos dias\u00a02 e 3 de junho de 2014, das 18hs \u00e0s 21hs<\/p>\n<p>Podem votar\u00a0os estudantes de Bacharelado em Jornalismo da UFPel regularmente matriculados e os docentes que atuam no curso, com apresenta\u00e7\u00e3o de documento de identidade<\/p>\n<p>Segue abaixo o Edital<\/p>\n<p><a href=\"https:\/\/wp.ufpel.edu.br\/clc\/files\/2014\/05\/EDITAL-coordenador-curso-01-2014.doc\">EDITAL coordenador curso 01-2014<\/a><\/p>\n","protected":false},"excerpt":{"rendered":"<p>O Colegiado do Curso de Jornalismo abriu\u00a0inscri\u00e7\u00f5es\u00a0para o processo de consulta p\u00fablica para escolha do coordenador do Curso de Jornalismo. Poder\u00e3o se candidatar todos os professores efetivos do CLC que atuam no curso\u00a0de Jornalismo. As inscri\u00e7\u00f5es dos candidatos podem ser\u00a0realizadas &hellip; <a href=\"https:\/\/wp.ufpel.edu.br\/clc\/2014\/05\/27\/abertas-as-inscricoes-para-eleicao-de-coordenador-do-curso-de-jornalismo\/\">Continue lendo <span class=\"meta-nav\">&rarr;<\/span><\/a><\/p>\n","protected":false},"author":50,"featured_media":0,"comment_status":"closed","ping_status":"open","sticky":false,"template":"","format":"standard","meta":{"footnotes":""},"categories":[33385,1],"tags":[],"class_list":["post-2875","post","type-post","status-publish","format-standard","hentry","category-editais-e-resultados","category-notcias"],"jetpack_featured_media_url":"","_links":{"self":[{"href":"https:\/\/wp.ufpel.edu.br\/clc\/wp-json\/wp\/v2\/posts\/2875","targetHints":{"allow":["GET"]}}],"collection":[{"href":"https:\/\/wp.ufpel.edu.br\/clc\/wp-json\/wp\/v2\/posts"}],"about":[{"href":"https:\/\/wp.ufpel.edu.br\/clc\/wp-json\/wp\/v2\/types\/post"}],"author":[{"embeddable":true,"href":"https:\/\/wp.ufpel.edu.br\/clc\/wp-json\/wp\/v2\/users\/50"}],"replies":[{"embeddable":true,"href":"https:\/\/wp.ufpel.edu.br\/clc\/wp-json\/wp\/v2\/comments?post=2875"}],"version-history":[{"count":3,"href":"https:\/\/wp.ufpel.edu.br\/clc\/wp-json\/wp\/v2\/posts\/2875\/revisions"}],"predecessor-version":[{"id":2879,"href":"https:\/\/wp.ufpel.edu.br\/clc\/wp-json\/wp\/v2\/posts\/2875\/revisions\/2879"}],"wp:attachment":[{"href":"https:\/\/wp.ufpel.edu.br\/clc\/wp-json\/wp\/v2\/media?parent=2875"}],"wp:term":[{"taxonomy":"category","embeddable":true,"href":"https:\/\/wp.ufpel.edu.br\/clc\/wp-json\/wp\/v2\/categories?post=2875"},{"taxonomy":"post_tag","embeddable":true,"href":"https:\/\/wp.ufpel.edu.br\/clc\/wp-json\/wp\/v2\/tags?post=2875"}],"curies":[{"name":"wp","href":"https:\/\/api.w.org\/{rel}","templated":true}]}}