{"id":2865,"date":"2014-05-26T19:09:39","date_gmt":"2014-05-26T22:09:39","guid":{"rendered":"https:\/\/wp.ufpel.edu.br\/clc\/?p=2865"},"modified":"2014-05-27T16:31:06","modified_gmt":"2014-05-27T19:31:06","slug":"alunos-do-jornalismo-criam-atletica-do-curso","status":"publish","type":"post","link":"https:\/\/wp.ufpel.edu.br\/clc\/2014\/05\/26\/alunos-do-jornalismo-criam-atletica-do-curso\/","title":{"rendered":"Alunos do Jornalismo criam Atl\u00e9tica do Curso"},"content":{"rendered":"<p>Com a finalidade de interagir de forma esportiva nas atividades e realiza\u00e7\u00f5es da Universidade, os alunos do Curso de Bacharelado em Jornalismo criaram a Associa\u00e7\u00e3o Atl\u00e9tica Acad\u00eamica do Jornalismo UFPel (AAAJUFPEL).<\/p>\n<p>Amanha, 27, \u00e0s 19h30min no Anglo, acontece a primeira Assembleia Geral onde ser\u00e3o apresentados Diretoria e Estatuto. Os organizadores ainda divulgar\u00e3o o evento inaugural da AAAJUPEL.<\/p>\n","protected":false},"excerpt":{"rendered":"<p>Com a finalidade de interagir de forma esportiva nas atividades e realiza\u00e7\u00f5es da Universidade, os alunos do Curso de Bacharelado em Jornalismo criaram a Associa\u00e7\u00e3o Atl\u00e9tica Acad\u00eamica do Jornalismo UFPel (AAAJUFPEL). Amanha, 27, \u00e0s 19h30min no Anglo, acontece a primeira &hellip; <a href=\"https:\/\/wp.ufpel.edu.br\/clc\/2014\/05\/26\/alunos-do-jornalismo-criam-atletica-do-curso\/\">Continue lendo <span class=\"meta-nav\">&rarr;<\/span><\/a><\/p>\n","protected":false},"author":50,"featured_media":0,"comment_status":"closed","ping_status":"open","sticky":false,"template":"","format":"standard","meta":{"footnotes":""},"categories":[1],"tags":[],"class_list":["post-2865","post","type-post","status-publish","format-standard","hentry","category-notcias"],"jetpack_featured_media_url":"","_links":{"self":[{"href":"https:\/\/wp.ufpel.edu.br\/clc\/wp-json\/wp\/v2\/posts\/2865","targetHints":{"allow":["GET"]}}],"collection":[{"href":"https:\/\/wp.ufpel.edu.br\/clc\/wp-json\/wp\/v2\/posts"}],"about":[{"href":"https:\/\/wp.ufpel.edu.br\/clc\/wp-json\/wp\/v2\/types\/post"}],"author":[{"embeddable":true,"href":"https:\/\/wp.ufpel.edu.br\/clc\/wp-json\/wp\/v2\/users\/50"}],"replies":[{"embeddable":true,"href":"https:\/\/wp.ufpel.edu.br\/clc\/wp-json\/wp\/v2\/comments?post=2865"}],"version-history":[{"count":5,"href":"https:\/\/wp.ufpel.edu.br\/clc\/wp-json\/wp\/v2\/posts\/2865\/revisions"}],"predecessor-version":[{"id":2874,"href":"https:\/\/wp.ufpel.edu.br\/clc\/wp-json\/wp\/v2\/posts\/2865\/revisions\/2874"}],"wp:attachment":[{"href":"https:\/\/wp.ufpel.edu.br\/clc\/wp-json\/wp\/v2\/media?parent=2865"}],"wp:term":[{"taxonomy":"category","embeddable":true,"href":"https:\/\/wp.ufpel.edu.br\/clc\/wp-json\/wp\/v2\/categories?post=2865"},{"taxonomy":"post_tag","embeddable":true,"href":"https:\/\/wp.ufpel.edu.br\/clc\/wp-json\/wp\/v2\/tags?post=2865"}],"curies":[{"name":"wp","href":"https:\/\/api.w.org\/{rel}","templated":true}]}}