{"id":2836,"date":"2014-05-19T17:36:26","date_gmt":"2014-05-19T20:36:26","guid":{"rendered":"https:\/\/wp.ufpel.edu.br\/clc\/?p=2836"},"modified":"2014-05-19T17:39:40","modified_gmt":"2014-05-19T20:39:40","slug":"columbia-university-sediara-iii-encontro-mundial-sobre-o-ensino-de-portugues","status":"publish","type":"post","link":"https:\/\/wp.ufpel.edu.br\/clc\/2014\/05\/19\/columbia-university-sediara-iii-encontro-mundial-sobre-o-ensino-de-portugues\/","title":{"rendered":"Columbia University sediar\u00e1 III Encontro Mundial sobre o Ensino de Portugu\u00eas"},"content":{"rendered":"<p>Nos dias 1 e 2 de agosto acontece o\u00a0\u00a0III Encontro Mundial sobre o Ensino de Portugu\u00eas na Columbia University em Nova York.<\/p>\n<p>Mais informa\u00e7\u00f5es pelo www.emepsite.com ou emep@bellsouth.com<\/p>\n<p><a href=\"https:\/\/wp.ufpel.edu.br\/clc\/files\/2014\/05\/unnamed-1.jpg\"><img loading=\"lazy\" decoding=\"async\" class=\"aligncenter size-full wp-image-2837\" src=\"https:\/\/wp.ufpel.edu.br\/clc\/files\/2014\/05\/unnamed-1.jpg\" alt=\"unnamed (1)\" width=\"592\" height=\"960\" srcset=\"https:\/\/wp.ufpel.edu.br\/clc\/files\/2014\/05\/unnamed-1.jpg 592w, https:\/\/wp.ufpel.edu.br\/clc\/files\/2014\/05\/unnamed-1-185x300.jpg 185w\" sizes=\"auto, (max-width: 592px) 100vw, 592px\" \/><\/a><\/p>\n","protected":false},"excerpt":{"rendered":"<p>Nos dias 1 e 2 de agosto acontece o\u00a0\u00a0III Encontro Mundial sobre o Ensino de Portugu\u00eas na Columbia University em Nova York. Mais informa\u00e7\u00f5es pelo www.emepsite.com ou emep@bellsouth.com<\/p>\n","protected":false},"author":50,"featured_media":0,"comment_status":"closed","ping_status":"open","sticky":false,"template":"","format":"standard","meta":{"footnotes":""},"categories":[1],"tags":[],"class_list":["post-2836","post","type-post","status-publish","format-standard","hentry","category-notcias"],"jetpack_featured_media_url":"","_links":{"self":[{"href":"https:\/\/wp.ufpel.edu.br\/clc\/wp-json\/wp\/v2\/posts\/2836","targetHints":{"allow":["GET"]}}],"collection":[{"href":"https:\/\/wp.ufpel.edu.br\/clc\/wp-json\/wp\/v2\/posts"}],"about":[{"href":"https:\/\/wp.ufpel.edu.br\/clc\/wp-json\/wp\/v2\/types\/post"}],"author":[{"embeddable":true,"href":"https:\/\/wp.ufpel.edu.br\/clc\/wp-json\/wp\/v2\/users\/50"}],"replies":[{"embeddable":true,"href":"https:\/\/wp.ufpel.edu.br\/clc\/wp-json\/wp\/v2\/comments?post=2836"}],"version-history":[{"count":2,"href":"https:\/\/wp.ufpel.edu.br\/clc\/wp-json\/wp\/v2\/posts\/2836\/revisions"}],"predecessor-version":[{"id":2839,"href":"https:\/\/wp.ufpel.edu.br\/clc\/wp-json\/wp\/v2\/posts\/2836\/revisions\/2839"}],"wp:attachment":[{"href":"https:\/\/wp.ufpel.edu.br\/clc\/wp-json\/wp\/v2\/media?parent=2836"}],"wp:term":[{"taxonomy":"category","embeddable":true,"href":"https:\/\/wp.ufpel.edu.br\/clc\/wp-json\/wp\/v2\/categories?post=2836"},{"taxonomy":"post_tag","embeddable":true,"href":"https:\/\/wp.ufpel.edu.br\/clc\/wp-json\/wp\/v2\/tags?post=2836"}],"curies":[{"name":"wp","href":"https:\/\/api.w.org\/{rel}","templated":true}]}}