{"id":2826,"date":"2014-05-19T15:49:20","date_gmt":"2014-05-19T18:49:20","guid":{"rendered":"https:\/\/wp.ufpel.edu.br\/clc\/?p=2826"},"modified":"2014-05-19T15:50:40","modified_gmt":"2014-05-19T18:50:40","slug":"comeca-no-sabado-o-ix-ciclo-de-conversas-na-biblioteca-negra","status":"publish","type":"post","link":"https:\/\/wp.ufpel.edu.br\/clc\/2014\/05\/19\/comeca-no-sabado-o-ix-ciclo-de-conversas-na-biblioteca-negra\/","title":{"rendered":"Come\u00e7a no s\u00e1bado o IX CICLO DE CONVERSAS NA BIBLIOTECA NEGRA"},"content":{"rendered":"<p>Come\u00e7a nesse s\u00e1bado, 24, \u00e0s 15h, no Clube &#8220;Fica Ah\u00ed&#8221;, o IX CICLO DE CONVERSAS NA BIBLIOTECA NEGRA.<\/p>\n<p>O Ciclo que tem o apoio da \u00c1rea de Espanhol da UFPel, inicia com a professora da FURG, Normelia Parise, em &#8220;HAITI: UMA HIST\u00d3RIA SILENCIADA&#8221;.<\/p>\n<p>O IX Ciclo tem continuidade nos dias 31 de maio, 7, 14 e 28 de junho sempre \u00e0s 15h.<\/p>\n<p>O Clube &#8220;Fica Ah\u00ed&#8221; est\u00e1 localizado\u00a0na rua Marechal Deodoro, 368.<\/p>\n<p>A entrada \u00e9 franca e os certificados s\u00e3o de 30h.<\/p>\n","protected":false},"excerpt":{"rendered":"<p>Come\u00e7a nesse s\u00e1bado, 24, \u00e0s 15h, no Clube &#8220;Fica Ah\u00ed&#8221;, o IX CICLO DE CONVERSAS NA BIBLIOTECA NEGRA. O Ciclo que tem o apoio da \u00c1rea de Espanhol da UFPel, inicia com a professora da FURG, Normelia Parise, em &#8220;HAITI: &hellip; <a href=\"https:\/\/wp.ufpel.edu.br\/clc\/2014\/05\/19\/comeca-no-sabado-o-ix-ciclo-de-conversas-na-biblioteca-negra\/\">Continue lendo <span class=\"meta-nav\">&rarr;<\/span><\/a><\/p>\n","protected":false},"author":50,"featured_media":0,"comment_status":"closed","ping_status":"open","sticky":false,"template":"","format":"standard","meta":{"footnotes":""},"categories":[1],"tags":[],"class_list":["post-2826","post","type-post","status-publish","format-standard","hentry","category-notcias"],"jetpack_featured_media_url":"","_links":{"self":[{"href":"https:\/\/wp.ufpel.edu.br\/clc\/wp-json\/wp\/v2\/posts\/2826","targetHints":{"allow":["GET"]}}],"collection":[{"href":"https:\/\/wp.ufpel.edu.br\/clc\/wp-json\/wp\/v2\/posts"}],"about":[{"href":"https:\/\/wp.ufpel.edu.br\/clc\/wp-json\/wp\/v2\/types\/post"}],"author":[{"embeddable":true,"href":"https:\/\/wp.ufpel.edu.br\/clc\/wp-json\/wp\/v2\/users\/50"}],"replies":[{"embeddable":true,"href":"https:\/\/wp.ufpel.edu.br\/clc\/wp-json\/wp\/v2\/comments?post=2826"}],"version-history":[{"count":4,"href":"https:\/\/wp.ufpel.edu.br\/clc\/wp-json\/wp\/v2\/posts\/2826\/revisions"}],"predecessor-version":[{"id":5323,"href":"https:\/\/wp.ufpel.edu.br\/clc\/wp-json\/wp\/v2\/posts\/2826\/revisions\/5323"}],"wp:attachment":[{"href":"https:\/\/wp.ufpel.edu.br\/clc\/wp-json\/wp\/v2\/media?parent=2826"}],"wp:term":[{"taxonomy":"category","embeddable":true,"href":"https:\/\/wp.ufpel.edu.br\/clc\/wp-json\/wp\/v2\/categories?post=2826"},{"taxonomy":"post_tag","embeddable":true,"href":"https:\/\/wp.ufpel.edu.br\/clc\/wp-json\/wp\/v2\/tags?post=2826"}],"curies":[{"name":"wp","href":"https:\/\/api.w.org\/{rel}","templated":true}]}}