{"id":2815,"date":"2014-05-15T17:16:29","date_gmt":"2014-05-15T20:16:29","guid":{"rendered":"https:\/\/wp.ufpel.edu.br\/clc\/?p=2815"},"modified":"2017-06-02T18:49:34","modified_gmt":"2017-06-02T21:49:34","slug":"prppg-lanca-editais-para-obtencao-de-bolsas-de-iniciacao-cientifica","status":"publish","type":"post","link":"https:\/\/wp.ufpel.edu.br\/clc\/2014\/05\/15\/prppg-lanca-editais-para-obtencao-de-bolsas-de-iniciacao-cientifica\/","title":{"rendered":"PRPPG lan\u00e7a editais para obten\u00e7\u00e3o de bolsas de Inicia\u00e7\u00e3o Cient\u00edfica"},"content":{"rendered":"<p>Est\u00e1 aberto o per\u00edodo de solicita\u00e7\u00e3o para obten\u00e7\u00e3o de bolsas de Inicia\u00e7\u00e3o Cient\u00edfica pela PRPPG.<\/p>\n<p>O programa financiado pela FAPERGS, CNPq e UFPEL, lan\u00e7ou seis editais, todos voltados para Doutores.<\/p>\n<p>O per\u00edodo de solicita\u00e7\u00e3o estar\u00e1 aberto de 13 a 26 de maio.<\/p>\n<p>Os docentes que desejarem\u00a0submeter um novo projeto de pesquisa ou solicitar prorroga\u00e7\u00e3o do prazo de projeto vigente devem faz\u00ea-lo at\u00e9 o dia 23.05, para que ainda haja tempo h\u00e1bil para a CaPesq e a Dire\u00e7\u00e3o do CLC encaminharem os tr\u00e2mites necess\u00e1rios.<\/p>\n<p>Dentre outras mudan\u00e7as apresentadas nos editais de 2014, h\u00e1 a necessidade de que o projeto de pesquisa, ao qual o docente se vincula, tenha\u00a0vig\u00eancia, no m\u00ednimo, at\u00e9 31.07.2015.\u00a0\u00c9 necess\u00e1rio, portanto, aten\u00e7\u00e3o a esse requisito, pois \u00e9 poss\u00edvel solicitar prorroga\u00e7\u00e3o de projetos vigentes de forma a darmos conta da data de vig\u00eancia de projetos exigida pelos editais.<\/p>\n<p>Na pr\u00f3xima semana, no\u00a0dia 21.05, quarta-feira, haver\u00e1 reuni\u00e3o da CaPesq com os docentes do CLC, \u00e0s 10h, sala ainda a definir.\u00a0Na ocasi\u00e3o, ser\u00e3o apresentados os editais, com esclarecimentos e dicas acerca de procedimentos para a submiss\u00e3o.<\/p>\n<p>Seguem abaixo os editais<\/p>\n<p><a href=\"https:\/\/wp.ufpel.edu.br\/clc\/files\/2014\/05\/Edital-PBIP-2014_2015.pdf\">Edital-PBIP-2014_2015<\/a><\/p>\n<p><a href=\"https:\/\/wp.ufpel.edu.br\/clc\/files\/2014\/05\/Edital-PBIP-AF-2014_2015Edital10.pdf\">Edital-PBIP-AF-2014_2015Edital10<\/a><\/p>\n<p><a href=\"https:\/\/wp.ufpel.edu.br\/clc\/files\/2014\/05\/Edital-PIBIC-2014_2015.pdf\">Edital-PIBIC-2014_2015<\/a><\/p>\n<p><a href=\"https:\/\/wp.ufpel.edu.br\/clc\/files\/2014\/05\/Edital-PIBITI-2014_2015.pdf\">Edital-PIBITI-2014_2015<\/a><\/p>\n<p><a href=\"https:\/\/wp.ufpel.edu.br\/clc\/files\/2014\/05\/Edital-PROBIC-2014_2015.pdf\">Edital-PROBIC-2014_2015<\/a><\/p>\n<p><a href=\"https:\/\/wp.ufpel.edu.br\/clc\/files\/2014\/05\/Edital-PROBITI-2014_2015.pdf\">Edital-PROBITI-2014_2015<\/a><\/p>\n","protected":false},"excerpt":{"rendered":"<p>Est\u00e1 aberto o per\u00edodo de solicita\u00e7\u00e3o para obten\u00e7\u00e3o de bolsas de Inicia\u00e7\u00e3o Cient\u00edfica pela PRPPG. O programa financiado pela FAPERGS, CNPq e UFPEL, lan\u00e7ou seis editais, todos voltados para Doutores. O per\u00edodo de solicita\u00e7\u00e3o estar\u00e1 aberto de 13 a 26 &hellip; <a href=\"https:\/\/wp.ufpel.edu.br\/clc\/2014\/05\/15\/prppg-lanca-editais-para-obtencao-de-bolsas-de-iniciacao-cientifica\/\">Continue lendo <span class=\"meta-nav\">&rarr;<\/span><\/a><\/p>\n","protected":false},"author":50,"featured_media":0,"comment_status":"closed","ping_status":"open","sticky":false,"template":"","format":"standard","meta":{"footnotes":""},"categories":[33385,1],"tags":[],"class_list":["post-2815","post","type-post","status-publish","format-standard","hentry","category-editais-e-resultados","category-notcias"],"jetpack_featured_media_url":"","_links":{"self":[{"href":"https:\/\/wp.ufpel.edu.br\/clc\/wp-json\/wp\/v2\/posts\/2815","targetHints":{"allow":["GET"]}}],"collection":[{"href":"https:\/\/wp.ufpel.edu.br\/clc\/wp-json\/wp\/v2\/posts"}],"about":[{"href":"https:\/\/wp.ufpel.edu.br\/clc\/wp-json\/wp\/v2\/types\/post"}],"author":[{"embeddable":true,"href":"https:\/\/wp.ufpel.edu.br\/clc\/wp-json\/wp\/v2\/users\/50"}],"replies":[{"embeddable":true,"href":"https:\/\/wp.ufpel.edu.br\/clc\/wp-json\/wp\/v2\/comments?post=2815"}],"version-history":[{"count":1,"href":"https:\/\/wp.ufpel.edu.br\/clc\/wp-json\/wp\/v2\/posts\/2815\/revisions"}],"predecessor-version":[{"id":2822,"href":"https:\/\/wp.ufpel.edu.br\/clc\/wp-json\/wp\/v2\/posts\/2815\/revisions\/2822"}],"wp:attachment":[{"href":"https:\/\/wp.ufpel.edu.br\/clc\/wp-json\/wp\/v2\/media?parent=2815"}],"wp:term":[{"taxonomy":"category","embeddable":true,"href":"https:\/\/wp.ufpel.edu.br\/clc\/wp-json\/wp\/v2\/categories?post=2815"},{"taxonomy":"post_tag","embeddable":true,"href":"https:\/\/wp.ufpel.edu.br\/clc\/wp-json\/wp\/v2\/tags?post=2815"}],"curies":[{"name":"wp","href":"https:\/\/api.w.org\/{rel}","templated":true}]}}