{"id":2811,"date":"2014-05-13T15:35:10","date_gmt":"2014-05-13T18:35:10","guid":{"rendered":"https:\/\/wp.ufpel.edu.br\/clc\/?p=2811"},"modified":"2014-05-13T15:37:42","modified_gmt":"2014-05-13T18:37:42","slug":"certificados-do-projeto-dunas-encena-ja-estao-disponiveis-para-retirada","status":"publish","type":"post","link":"https:\/\/wp.ufpel.edu.br\/clc\/2014\/05\/13\/certificados-do-projeto-dunas-encena-ja-estao-disponiveis-para-retirada\/","title":{"rendered":"Certificados do projeto &#8220;Dunas Encena&#8221; j\u00e1 est\u00e3o dispon\u00edveis para retirada"},"content":{"rendered":"<p>A C\u00e2mara de Extens\u00e3o informou hoje\u00a0que os certificados do projeto \u00a0\u201cDunas Encena\u201d de 2013, da Universidade Federal de Pelotas,\u00a0est\u00e3o prontos e \u00e0 disposi\u00e7\u00e3o para retirada.<\/p>\n<p>O atendimento \u00e9 de segunda a sexta, das 14h \u00e0s 20h na sala 102 do\u00a0Centro de Letras e Comunica\u00e7\u00e3o da UFPel, Campus Porto, que fica na Rua Gomes Carneiro, n\u00b0 1.<\/p>\n<p>&nbsp;<\/p>\n","protected":false},"excerpt":{"rendered":"<p>A C\u00e2mara de Extens\u00e3o informou hoje\u00a0que os certificados do projeto \u00a0\u201cDunas Encena\u201d de 2013, da Universidade Federal de Pelotas,\u00a0est\u00e3o prontos e \u00e0 disposi\u00e7\u00e3o para retirada. O atendimento \u00e9 de segunda a sexta, das 14h \u00e0s 20h na sala 102 do\u00a0Centro &hellip; <a href=\"https:\/\/wp.ufpel.edu.br\/clc\/2014\/05\/13\/certificados-do-projeto-dunas-encena-ja-estao-disponiveis-para-retirada\/\">Continue lendo <span class=\"meta-nav\">&rarr;<\/span><\/a><\/p>\n","protected":false},"author":50,"featured_media":0,"comment_status":"closed","ping_status":"open","sticky":false,"template":"","format":"standard","meta":{"footnotes":""},"categories":[1],"tags":[],"class_list":["post-2811","post","type-post","status-publish","format-standard","hentry","category-notcias"],"jetpack_featured_media_url":"","_links":{"self":[{"href":"https:\/\/wp.ufpel.edu.br\/clc\/wp-json\/wp\/v2\/posts\/2811","targetHints":{"allow":["GET"]}}],"collection":[{"href":"https:\/\/wp.ufpel.edu.br\/clc\/wp-json\/wp\/v2\/posts"}],"about":[{"href":"https:\/\/wp.ufpel.edu.br\/clc\/wp-json\/wp\/v2\/types\/post"}],"author":[{"embeddable":true,"href":"https:\/\/wp.ufpel.edu.br\/clc\/wp-json\/wp\/v2\/users\/50"}],"replies":[{"embeddable":true,"href":"https:\/\/wp.ufpel.edu.br\/clc\/wp-json\/wp\/v2\/comments?post=2811"}],"version-history":[{"count":2,"href":"https:\/\/wp.ufpel.edu.br\/clc\/wp-json\/wp\/v2\/posts\/2811\/revisions"}],"predecessor-version":[{"id":2813,"href":"https:\/\/wp.ufpel.edu.br\/clc\/wp-json\/wp\/v2\/posts\/2811\/revisions\/2813"}],"wp:attachment":[{"href":"https:\/\/wp.ufpel.edu.br\/clc\/wp-json\/wp\/v2\/media?parent=2811"}],"wp:term":[{"taxonomy":"category","embeddable":true,"href":"https:\/\/wp.ufpel.edu.br\/clc\/wp-json\/wp\/v2\/categories?post=2811"},{"taxonomy":"post_tag","embeddable":true,"href":"https:\/\/wp.ufpel.edu.br\/clc\/wp-json\/wp\/v2\/tags?post=2811"}],"curies":[{"name":"wp","href":"https:\/\/api.w.org\/{rel}","templated":true}]}}