{"id":2568,"date":"2014-03-25T17:43:42","date_gmt":"2014-03-25T20:43:42","guid":{"rendered":"https:\/\/wp.ufpel.edu.br\/clc\/?p=2568"},"modified":"2014-03-25T17:43:42","modified_gmt":"2014-03-25T20:43:42","slug":"sala-119-disponivel-para-orientacoes","status":"publish","type":"post","link":"https:\/\/wp.ufpel.edu.br\/clc\/2014\/03\/25\/sala-119-disponivel-para-orientacoes\/","title":{"rendered":"Sala 119 dispon\u00edvel para orienta\u00e7\u00f5es"},"content":{"rendered":"<p>A sala das Linhas de Pesquisa do Mestrado, 119, est\u00e1 dispon\u00edvel aos professores para a realiza\u00e7\u00e3o de orienta\u00e7\u00f5es. Apenas professores do Centro de Letras e Comunica\u00e7\u00e3o est\u00e3o autorizados a pegar a chave da sala.<\/p>\n<p>\u00c9 importante ressaltar que a prioridade de uso do espa\u00e7o, em qualquer situa\u00e7\u00e3o, \u00e9 dos professores do mestrado.<\/p>\n","protected":false},"excerpt":{"rendered":"<p>A sala das Linhas de Pesquisa do Mestrado, 119, est\u00e1 dispon\u00edvel aos professores para a realiza\u00e7\u00e3o de orienta\u00e7\u00f5es. Apenas professores do Centro de Letras e Comunica\u00e7\u00e3o est\u00e3o autorizados a pegar a chave da sala. \u00c9 importante ressaltar que a prioridade &hellip; <a href=\"https:\/\/wp.ufpel.edu.br\/clc\/2014\/03\/25\/sala-119-disponivel-para-orientacoes\/\">Continue lendo <span class=\"meta-nav\">&rarr;<\/span><\/a><\/p>\n","protected":false},"author":50,"featured_media":0,"comment_status":"closed","ping_status":"open","sticky":false,"template":"","format":"standard","meta":{"footnotes":""},"categories":[1],"tags":[],"class_list":["post-2568","post","type-post","status-publish","format-standard","hentry","category-notcias"],"jetpack_featured_media_url":"","_links":{"self":[{"href":"https:\/\/wp.ufpel.edu.br\/clc\/wp-json\/wp\/v2\/posts\/2568","targetHints":{"allow":["GET"]}}],"collection":[{"href":"https:\/\/wp.ufpel.edu.br\/clc\/wp-json\/wp\/v2\/posts"}],"about":[{"href":"https:\/\/wp.ufpel.edu.br\/clc\/wp-json\/wp\/v2\/types\/post"}],"author":[{"embeddable":true,"href":"https:\/\/wp.ufpel.edu.br\/clc\/wp-json\/wp\/v2\/users\/50"}],"replies":[{"embeddable":true,"href":"https:\/\/wp.ufpel.edu.br\/clc\/wp-json\/wp\/v2\/comments?post=2568"}],"version-history":[{"count":1,"href":"https:\/\/wp.ufpel.edu.br\/clc\/wp-json\/wp\/v2\/posts\/2568\/revisions"}],"predecessor-version":[{"id":2569,"href":"https:\/\/wp.ufpel.edu.br\/clc\/wp-json\/wp\/v2\/posts\/2568\/revisions\/2569"}],"wp:attachment":[{"href":"https:\/\/wp.ufpel.edu.br\/clc\/wp-json\/wp\/v2\/media?parent=2568"}],"wp:term":[{"taxonomy":"category","embeddable":true,"href":"https:\/\/wp.ufpel.edu.br\/clc\/wp-json\/wp\/v2\/categories?post=2568"},{"taxonomy":"post_tag","embeddable":true,"href":"https:\/\/wp.ufpel.edu.br\/clc\/wp-json\/wp\/v2\/tags?post=2568"}],"curies":[{"name":"wp","href":"https:\/\/api.w.org\/{rel}","templated":true}]}}