{"id":2389,"date":"2014-02-18T10:16:02","date_gmt":"2014-02-18T13:16:02","guid":{"rendered":"https:\/\/wp.ufpel.edu.br\/clc\/?p=2389"},"modified":"2014-02-18T10:16:02","modified_gmt":"2014-02-18T13:16:02","slug":"atencao-formandos-20142-agendamento-auditorio-da-faem","status":"publish","type":"post","link":"https:\/\/wp.ufpel.edu.br\/clc\/2014\/02\/18\/atencao-formandos-20142-agendamento-auditorio-da-faem\/","title":{"rendered":"Aten\u00e7\u00e3o Formandos 2014\/2 (agendamento audit\u00f3rio da FAEM)"},"content":{"rendered":"<p>A Se\u00e7\u00e3o de Rela\u00e7\u00f5es P\u00fablicas e Eventos (SRPE)\u00a0 da Coordena\u00e7\u00e3o de Comunica\u00e7\u00e3o Social da UFPel publicou na quarta-feira (29) edital complementar para agendamento de formaturas no Audit\u00f3rio Wilson de Oliveira da FAEM. O edital contempla as datas que n\u00e3o foram ocupadas pelos cursos que se inscreveram para o \u00faltimo edital.<\/p>\n<p>O per\u00edodo de inscri\u00e7\u00f5es do edital complementar se estende do dia 10 de fevereiro at\u00e9 7 de mar\u00e7o e aceita agendamento de turmas que se formar\u00e3o no segundo semestre de 2014 e primeiro semestre de 2015.<\/p>\n<p>Est\u00e1 sendo informado tamb\u00e9m o Calend\u00e1rio dispon\u00edvel para formaturas:<\/p>\n<p>Janeiro de 2015 \u2013 n\u00e3o h\u00e1 mais datas dispon\u00edveis.<\/p>\n<p>Fevereiro de 2015 \u2013 somente dia 27\/02<\/p>\n<p>Mar\u00e7o de 2015 \u2013 06\/03; 13\/03; 14\/03; 20\/03; 27\/03; 28\/03<\/p>\n<p>Outras datas,\u00a0 consultar a SRPE.<\/p>\n<p>As informa\u00e7\u00f5es completas est\u00e3o no edital abaixo:<\/p>\n<p><a title=\"MSWORD (37 kB)\" href=\"http:\/\/ccs2.ufpel.edu.br\/wp\/wp-content\/uploads\/2014\/02\/Edital-Complementar-Formaturas_2014_2.doc\" target=\"_blank\">Edital Complementar Formaturas_2014_2<\/a><\/p>\n","protected":false},"excerpt":{"rendered":"<p>A Se\u00e7\u00e3o de Rela\u00e7\u00f5es P\u00fablicas e Eventos (SRPE)\u00a0 da Coordena\u00e7\u00e3o de Comunica\u00e7\u00e3o Social da UFPel publicou na quarta-feira (29) edital complementar para agendamento de formaturas no Audit\u00f3rio Wilson de Oliveira da FAEM. O edital contempla as datas que n\u00e3o foram &hellip; <a href=\"https:\/\/wp.ufpel.edu.br\/clc\/2014\/02\/18\/atencao-formandos-20142-agendamento-auditorio-da-faem\/\">Continue lendo <span class=\"meta-nav\">&rarr;<\/span><\/a><\/p>\n","protected":false},"author":50,"featured_media":0,"comment_status":"closed","ping_status":"open","sticky":false,"template":"","format":"standard","meta":{"footnotes":""},"categories":[1],"tags":[],"class_list":["post-2389","post","type-post","status-publish","format-standard","hentry","category-notcias"],"jetpack_featured_media_url":"","_links":{"self":[{"href":"https:\/\/wp.ufpel.edu.br\/clc\/wp-json\/wp\/v2\/posts\/2389","targetHints":{"allow":["GET"]}}],"collection":[{"href":"https:\/\/wp.ufpel.edu.br\/clc\/wp-json\/wp\/v2\/posts"}],"about":[{"href":"https:\/\/wp.ufpel.edu.br\/clc\/wp-json\/wp\/v2\/types\/post"}],"author":[{"embeddable":true,"href":"https:\/\/wp.ufpel.edu.br\/clc\/wp-json\/wp\/v2\/users\/50"}],"replies":[{"embeddable":true,"href":"https:\/\/wp.ufpel.edu.br\/clc\/wp-json\/wp\/v2\/comments?post=2389"}],"version-history":[{"count":2,"href":"https:\/\/wp.ufpel.edu.br\/clc\/wp-json\/wp\/v2\/posts\/2389\/revisions"}],"predecessor-version":[{"id":2391,"href":"https:\/\/wp.ufpel.edu.br\/clc\/wp-json\/wp\/v2\/posts\/2389\/revisions\/2391"}],"wp:attachment":[{"href":"https:\/\/wp.ufpel.edu.br\/clc\/wp-json\/wp\/v2\/media?parent=2389"}],"wp:term":[{"taxonomy":"category","embeddable":true,"href":"https:\/\/wp.ufpel.edu.br\/clc\/wp-json\/wp\/v2\/categories?post=2389"},{"taxonomy":"post_tag","embeddable":true,"href":"https:\/\/wp.ufpel.edu.br\/clc\/wp-json\/wp\/v2\/tags?post=2389"}],"curies":[{"name":"wp","href":"https:\/\/api.w.org\/{rel}","templated":true}]}}