{"id":19384,"date":"2026-08-11T18:25:57","date_gmt":"2026-08-11T21:25:57","guid":{"rendered":"https:\/\/wp.ufpel.edu.br\/clc\/?p=19384"},"modified":"2026-08-11T18:25:57","modified_gmt":"2026-08-11T21:25:57","slug":"edital-para-votacao-eletronica-no-004-2026","status":"publish","type":"post","link":"https:\/\/wp.ufpel.edu.br\/clc\/2026\/08\/11\/edital-para-votacao-eletronica-no-004-2026\/","title":{"rendered":"EDITAL PARA VOTA\u00c7\u00c3O ELETR\u00d4NICA N\u00ba 004\/2026"},"content":{"rendered":"<p style=\"text-align: justify;\">ESCOLHA DA COORDENA\u00c7\u00c3O DO CURSO DE LICENCIATURA EM LETRAS PORTUGU\u00caS E ALEM\u00c3O (2026-2028) &#8211; CLC \/ UFPEL<\/p>\n<p style=\"text-align: justify;\"><strong>Inscri\u00e7\u00f5es: 13\/08\/2026 &#8211; 17\/08\/2026<\/strong><\/p>\n<p style=\"text-align: justify;\"><strong>Elei\u00e7\u00f5es: 26\/08\/2026 &#8211; 28\/08\/2026<\/strong><\/p>\n<p style=\"text-align: justify;\"><strong>Resultados: 31\/08\/2026<\/strong><\/p>\n<p>Para mais informa\u00e7\u00f5es:<\/p>\n<p><a href=\"https:\/\/wp.ufpel.edu.br\/clc\/files\/2026\/08\/SEI_4063724_Edital_para_Votacao_Eletronica_CNA_004_2026.pdf\">Edital 004\/2026<\/a><\/p>\n<p><img loading=\"lazy\" decoding=\"async\" class=\"size-medium wp-image-19379 alignleft\" src=\"https:\/\/wp.ufpel.edu.br\/clc\/files\/2026\/08\/Layout_EDITAL_004_2026-254x318.jpg\" alt=\"\" width=\"254\" height=\"318\" srcset=\"https:\/\/wp.ufpel.edu.br\/clc\/files\/2026\/08\/Layout_EDITAL_004_2026-254x318.jpg 254w, https:\/\/wp.ufpel.edu.br\/clc\/files\/2026\/08\/Layout_EDITAL_004_2026-127x159.jpg 127w, https:\/\/wp.ufpel.edu.br\/clc\/files\/2026\/08\/Layout_EDITAL_004_2026-768x960.jpg 768w, https:\/\/wp.ufpel.edu.br\/clc\/files\/2026\/08\/Layout_EDITAL_004_2026.jpg 1080w\" sizes=\"auto, (max-width: 254px) 100vw, 254px\" \/><\/p>\n","protected":false},"excerpt":{"rendered":"<p>ESCOLHA DA COORDENA\u00c7\u00c3O DO CURSO DE LICENCIATURA EM LETRAS PORTUGU\u00caS E ALEM\u00c3O (2026-2028) &#8211; CLC \/ UFPEL Inscri\u00e7\u00f5es: 13\/08\/2026 &#8211; 17\/08\/2026 Elei\u00e7\u00f5es: 26\/08\/2026 &#8211; 28\/08\/2026 Resultados: 31\/08\/2026 Para mais informa\u00e7\u00f5es: Edital 004\/2026<\/p>\n","protected":false},"author":50,"featured_media":0,"comment_status":"closed","ping_status":"closed","sticky":false,"template":"","format":"standard","meta":{"footnotes":""},"categories":[1],"tags":[],"class_list":["post-19384","post","type-post","status-publish","format-standard","hentry","category-notcias"],"jetpack_featured_media_url":"","_links":{"self":[{"href":"https:\/\/wp.ufpel.edu.br\/clc\/wp-json\/wp\/v2\/posts\/19384","targetHints":{"allow":["GET"]}}],"collection":[{"href":"https:\/\/wp.ufpel.edu.br\/clc\/wp-json\/wp\/v2\/posts"}],"about":[{"href":"https:\/\/wp.ufpel.edu.br\/clc\/wp-json\/wp\/v2\/types\/post"}],"author":[{"embeddable":true,"href":"https:\/\/wp.ufpel.edu.br\/clc\/wp-json\/wp\/v2\/users\/50"}],"replies":[{"embeddable":true,"href":"https:\/\/wp.ufpel.edu.br\/clc\/wp-json\/wp\/v2\/comments?post=19384"}],"version-history":[{"count":1,"href":"https:\/\/wp.ufpel.edu.br\/clc\/wp-json\/wp\/v2\/posts\/19384\/revisions"}],"predecessor-version":[{"id":19386,"href":"https:\/\/wp.ufpel.edu.br\/clc\/wp-json\/wp\/v2\/posts\/19384\/revisions\/19386"}],"wp:attachment":[{"href":"https:\/\/wp.ufpel.edu.br\/clc\/wp-json\/wp\/v2\/media?parent=19384"}],"wp:term":[{"taxonomy":"category","embeddable":true,"href":"https:\/\/wp.ufpel.edu.br\/clc\/wp-json\/wp\/v2\/categories?post=19384"},{"taxonomy":"post_tag","embeddable":true,"href":"https:\/\/wp.ufpel.edu.br\/clc\/wp-json\/wp\/v2\/tags?post=19384"}],"curies":[{"name":"wp","href":"https:\/\/api.w.org\/{rel}","templated":true}]}}