{"id":19202,"date":"2026-04-22T20:58:43","date_gmt":"2026-04-22T23:58:43","guid":{"rendered":"https:\/\/wp.ufpel.edu.br\/clc\/?p=19202"},"modified":"2026-04-22T20:58:45","modified_gmt":"2026-04-22T23:58:45","slug":"centro-de-letras-e-comunicacao-da-ufpel-abre-selecao-para-bolsas-de-desenvolvimento-bdu","status":"publish","type":"post","link":"https:\/\/wp.ufpel.edu.br\/clc\/2026\/04\/22\/centro-de-letras-e-comunicacao-da-ufpel-abre-selecao-para-bolsas-de-desenvolvimento-bdu\/","title":{"rendered":"Centro de Letras e Comunica\u00e7\u00e3o da UFPel abre sele\u00e7\u00e3o para Bolsas de Desenvolvimento (BDU)"},"content":{"rendered":"<p style=\"text-align: justify;\"><span data-path-to-node=\"17,0\"><span class=\"citation-85\"> O Centro de Letras e Comunica\u00e7\u00e3o (CLC) da Universidade Federal de Pelotas publicou o Edital n\u00ba 02\/2026, que regulamenta a sele\u00e7\u00e3o para duas vagas de Bolsas de Desenvolvimento na Unidade (BDU)<\/span><\/span><span data-path-to-node=\"17,2\">. <\/span><span data-path-to-node=\"17,4\"><span class=\"citation-84\">As oportunidades s\u00e3o destinadas a estudantes de gradua\u00e7\u00e3o da universidade com disponibilidade de 20 horas semanais<\/span><\/span><span data-path-to-node=\"17,6\">.<\/span><\/p>\n<p style=\"text-align: justify;\"><b data-path-to-node=\"18\" data-index-in-node=\"0\">Vagas e Atribui\u00e7\u00f5es<\/b><\/p>\n<p style=\"text-align: justify;\">O edital contempla dois setores distintos do CLC:<\/p>\n<ul style=\"text-align: justify;\" data-path-to-node=\"19\">\n<li><span data-path-to-node=\"19,0,1,0\"><b data-path-to-node=\"19,0,1,0\" data-index-in-node=\"0\"><span class=\"citation-83\">Projeto de Extens\u00e3o &#8220;Ag\u00eancia de Conte\u00fado MARTE&#8221;:<\/span><\/b><span class=\"citation-83\"> Oferece uma vaga de ampla concorr\u00eancia para auxiliar em atividades acad\u00eamicas e administrativas<\/span><\/span><span data-path-to-node=\"19,0,1,2\">.<\/span><\/li>\n<li><span data-path-to-node=\"19,1,1,0\"><b data-path-to-node=\"19,1,1,0\" data-index-in-node=\"0\"><span class=\"citation-82\">Secretaria do Colegiado de Letras Espanhol EaD:<\/span><\/b><span class=\"citation-82\"> Oferece uma vaga destinada \u00e0 modalidade de Demanda Social (DS) para aux\u00edlio na gest\u00e3o do curso<\/span><\/span><span data-path-to-node=\"19,1,1,2\">.<\/span><\/li>\n<\/ul>\n<p style=\"text-align: justify;\"><span data-path-to-node=\"20,0\"><b data-path-to-node=\"20,0\" data-index-in-node=\"0\">Remunera\u00e7\u00e3o e Vig\u00eancia<\/b><\/span><br \/>\nOs selecionados receber\u00e3o uma bolsa mensal de R$ 700,00<span data-path-to-node=\"20,4\">. <\/span><span data-path-to-node=\"20,6\"><span class=\"citation-80\">O per\u00edodo de vig\u00eancia da bolsa compreende de 01 de maio de 2026 a 31 de dezembro de 2026<\/span><\/span><span data-path-to-node=\"20,8\">.<\/span><\/p>\n<p style=\"text-align: justify;\"><span data-path-to-node=\"21,0\"><b data-path-to-node=\"21,0\" data-index-in-node=\"0\">Inscri\u00e7\u00f5es e Sele\u00e7\u00e3o<\/b><\/span><br \/>\nOs interessados devem realizar a inscri\u00e7\u00e3o exclusivamente por e-mail entre os dias <b data-path-to-node=\"21,2\" data-index-in-node=\"83\"><span class=\"citation-79\">23 e 27 de abril de 2026<\/span><\/b><span class=\"citation-79\">, at\u00e9 as 18h<\/span><span data-path-to-node=\"21,4\">. \u00c9 necess\u00e1rio o envio de:<\/span><\/p>\n<ul style=\"text-align: justify;\" data-path-to-node=\"22\">\n<li><span data-path-to-node=\"22,0,0,1\"><span class=\"citation-78\">Ficha de inscri\u00e7\u00e3o preenchida<\/span><\/span><span data-path-to-node=\"22,0,0,3\">;<\/span><\/li>\n<li><span data-path-to-node=\"22,1,0,1\"><span class=\"citation-77\">Atestado de matr\u00edcula 2026\/1<\/span><\/span><span data-path-to-node=\"22,1,0,3\">;<\/span><\/li>\n<li><span data-path-to-node=\"22,2,0,1\"><span class=\"citation-76\">Hist\u00f3rico escolar atualizado (emitido via Cobalto)<\/span><\/span><span data-path-to-node=\"22,2,0,3\">;<\/span><\/li>\n<li><span data-path-to-node=\"22,3,0,1\"><span class=\"citation-75\">Curriculum Vitae<\/span><\/span><span data-path-to-node=\"22,3,0,3\">.<\/span><\/li>\n<\/ul>\n<p style=\"text-align: justify;\"><span data-path-to-node=\"23,1\"><span class=\"citation-74\">O processo seletivo consistir\u00e1 em an\u00e1lise de curr\u00edculo, hist\u00f3rico escolar e entrevista online, agendada para os dias 28 de abril (MARTE) e 29 de abril (Espanhol EaD)<\/span><\/span><span data-path-to-node=\"23,3\">.<\/span><\/p>\n<p style=\"text-align: justify;\"><span data-path-to-node=\"24,0\"><b data-path-to-node=\"24,0\" data-index-in-node=\"0\">Requisitos<\/b><\/span><br \/>\nPara concorrer, o estudante deve estar regularmente matriculado, possuir desempenho acad\u00eamico com 75% ou mais de aprova\u00e7\u00e3o nas disciplinas cursadas e n\u00e3o possuir outras modalidades de bolsa (exceto aux\u00edlios da PRAE)<span data-path-to-node=\"24,4\">.<\/span><\/p>\n<p style=\"text-align: justify;\"><span data-path-to-node=\"25,1\"><span class=\"citation-72\">Para mais informa\u00e7\u00f5es e acesso aos links de inscri\u00e7\u00e3o, os candidatos devem acessar o\u00a0<a href=\"https:\/\/wp.ufpel.edu.br\/clc\/2026\/04\/22\/centro-de-letras-e-comunicacao-da-ufpel-abre-selecao-para-bolsas-de-desenvolvimento-bdu\/sei_3808824_edital_bolsa_de_desenvolvimento_na_unidade__bdu_\/\" rel=\"attachment wp-att-19204\">edital completo.<\/a><\/span><\/span><\/p>\n<p style=\"text-align: justify;\"><a href=\"https:\/\/wp.ufpel.edu.br\/clc\/2026\/04\/22\/centro-de-letras-e-comunicacao-da-ufpel-abre-selecao-para-bolsas-de-desenvolvimento-bdu\/moldura-edital-3\/\" rel=\"attachment wp-att-19205\"><img loading=\"lazy\" decoding=\"async\" class=\"wp-image-19205  aligncenter\" src=\"https:\/\/wp.ufpel.edu.br\/clc\/files\/2026\/04\/Moldura-Edital.png\" alt=\"\" width=\"272\" height=\"340\" srcset=\"https:\/\/wp.ufpel.edu.br\/clc\/files\/2026\/04\/Moldura-Edital.png 1080w, https:\/\/wp.ufpel.edu.br\/clc\/files\/2026\/04\/Moldura-Edital-254x318.png 254w, https:\/\/wp.ufpel.edu.br\/clc\/files\/2026\/04\/Moldura-Edital-127x159.png 127w, https:\/\/wp.ufpel.edu.br\/clc\/files\/2026\/04\/Moldura-Edital-768x960.png 768w\" sizes=\"auto, (max-width: 272px) 100vw, 272px\" \/><\/a><\/p>\n","protected":false},"excerpt":{"rendered":"<p>O Centro de Letras e Comunica\u00e7\u00e3o (CLC) da Universidade Federal de Pelotas publicou o Edital n\u00ba 02\/2026, que regulamenta a sele\u00e7\u00e3o para duas vagas de Bolsas de Desenvolvimento na Unidade (BDU). As oportunidades s\u00e3o destinadas a estudantes de gradua\u00e7\u00e3o da &hellip; <a href=\"https:\/\/wp.ufpel.edu.br\/clc\/2026\/04\/22\/centro-de-letras-e-comunicacao-da-ufpel-abre-selecao-para-bolsas-de-desenvolvimento-bdu\/\">Continue lendo <span class=\"meta-nav\">&rarr;<\/span><\/a><\/p>\n","protected":false},"author":50,"featured_media":0,"comment_status":"closed","ping_status":"closed","sticky":false,"template":"","format":"standard","meta":{"footnotes":""},"categories":[33391,33385,33396,33384],"tags":[],"class_list":["post-19202","post","type-post","status-publish","format-standard","hentry","category-alunos","category-editais-e-resultados","category-jornalismo","category-processos-seletivos"],"jetpack_featured_media_url":"","_links":{"self":[{"href":"https:\/\/wp.ufpel.edu.br\/clc\/wp-json\/wp\/v2\/posts\/19202","targetHints":{"allow":["GET"]}}],"collection":[{"href":"https:\/\/wp.ufpel.edu.br\/clc\/wp-json\/wp\/v2\/posts"}],"about":[{"href":"https:\/\/wp.ufpel.edu.br\/clc\/wp-json\/wp\/v2\/types\/post"}],"author":[{"embeddable":true,"href":"https:\/\/wp.ufpel.edu.br\/clc\/wp-json\/wp\/v2\/users\/50"}],"replies":[{"embeddable":true,"href":"https:\/\/wp.ufpel.edu.br\/clc\/wp-json\/wp\/v2\/comments?post=19202"}],"version-history":[{"count":2,"href":"https:\/\/wp.ufpel.edu.br\/clc\/wp-json\/wp\/v2\/posts\/19202\/revisions"}],"predecessor-version":[{"id":19207,"href":"https:\/\/wp.ufpel.edu.br\/clc\/wp-json\/wp\/v2\/posts\/19202\/revisions\/19207"}],"wp:attachment":[{"href":"https:\/\/wp.ufpel.edu.br\/clc\/wp-json\/wp\/v2\/media?parent=19202"}],"wp:term":[{"taxonomy":"category","embeddable":true,"href":"https:\/\/wp.ufpel.edu.br\/clc\/wp-json\/wp\/v2\/categories?post=19202"},{"taxonomy":"post_tag","embeddable":true,"href":"https:\/\/wp.ufpel.edu.br\/clc\/wp-json\/wp\/v2\/tags?post=19202"}],"curies":[{"name":"wp","href":"https:\/\/api.w.org\/{rel}","templated":true}]}}