{"id":19178,"date":"2026-04-07T20:17:32","date_gmt":"2026-04-07T23:17:32","guid":{"rendered":"https:\/\/wp.ufpel.edu.br\/clc\/?p=19178"},"modified":"2026-04-07T20:17:33","modified_gmt":"2026-04-07T23:17:33","slug":"lista-de-sorteados-na-segunda-chamada-dos-cursos-de-linguas-2026-1","status":"publish","type":"post","link":"https:\/\/wp.ufpel.edu.br\/clc\/2026\/04\/07\/lista-de-sorteados-na-segunda-chamada-dos-cursos-de-linguas-2026-1\/","title":{"rendered":"Lista de sorteados na segunda chamada dos Cursos de L\u00ednguas 2026\/1"},"content":{"rendered":"<p style=\"text-align: justify;\"><span style=\"font-family: georgia, palatino, serif; font-size: 12pt;\">A Coordena\u00e7\u00e3o do projeto Cursos de L\u00ednguas da C\u00e2mara de Extens\u00e3o do Centro de Letras e Comunica\u00e7\u00e3o (CLC) da UFPel divulga a lista dos candidatos sorteados como suplentes, os quais podem realizar sua matr\u00edcula para os cursos em 2026\/1 .<\/span><\/p>\n<p style=\"text-align: justify;\"><span style=\"font-family: georgia, palatino, serif; font-size: 12pt;\">A listagem foi gerada em sorteio realizado em 25\/03\/2026. Os candidatos listados neste documento est\u00e3o sendo chamados conforme o n\u00famero de vagas restantes ap\u00f3s as matr\u00edculas da primeira chamada.<\/span><\/p>\n<p style=\"text-align: justify;\"><span style=\"font-family: georgia, palatino, serif; font-size: 12pt;\">SUPLENTES: Quando as vagas n\u00e3o forem totalmente preenchidas na primeira chamada, s\u00e3o sorteados suplentes, em n\u00famero correspondente at\u00e9 atingir o m\u00e1ximo de vagas por turma, dentre as inscri\u00e7\u00f5es remanescentes.<\/span><\/p>\n<p style=\"text-align: justify;\"><span style=\"font-family: georgia, palatino, serif; font-size: 12pt;\">Veja a:\u00a0<a href=\"https:\/\/wp.ufpel.edu.br\/cursosdelinguas\/files\/2026\/04\/SEI_3780146_Edital_07.pdf\">Lista de sorteados<\/a><\/span><a href=\"https:\/\/wp.ufpel.edu.br\/clc\/2026\/04\/07\/lista-de-sorteados-na-segunda-chamada-dos-cursos-de-linguas-2026-1\/niveis-de-rematricula-20261\/\" rel=\"attachment wp-att-19180\"><img loading=\"lazy\" decoding=\"async\" class=\"aligncenter wp-image-19180 \" src=\"https:\/\/wp.ufpel.edu.br\/clc\/files\/2026\/04\/Niveis-de-rematricula-20261.png\" alt=\"\" width=\"389\" height=\"487\" srcset=\"https:\/\/wp.ufpel.edu.br\/clc\/files\/2026\/04\/Niveis-de-rematricula-20261.png 1080w, https:\/\/wp.ufpel.edu.br\/clc\/files\/2026\/04\/Niveis-de-rematricula-20261-254x318.png 254w, https:\/\/wp.ufpel.edu.br\/clc\/files\/2026\/04\/Niveis-de-rematricula-20261-127x159.png 127w, https:\/\/wp.ufpel.edu.br\/clc\/files\/2026\/04\/Niveis-de-rematricula-20261-768x960.png 768w\" sizes=\"auto, (max-width: 389px) 100vw, 389px\" \/><\/a><\/p>\n","protected":false},"excerpt":{"rendered":"<p>A Coordena\u00e7\u00e3o do projeto Cursos de L\u00ednguas da C\u00e2mara de Extens\u00e3o do Centro de Letras e Comunica\u00e7\u00e3o (CLC) da UFPel divulga a lista dos candidatos sorteados como suplentes, os quais podem realizar sua matr\u00edcula para os cursos em 2026\/1 . &hellip; <a href=\"https:\/\/wp.ufpel.edu.br\/clc\/2026\/04\/07\/lista-de-sorteados-na-segunda-chamada-dos-cursos-de-linguas-2026-1\/\">Continue lendo <span class=\"meta-nav\">&rarr;<\/span><\/a><\/p>\n","protected":false},"author":50,"featured_media":0,"comment_status":"closed","ping_status":"closed","sticky":false,"template":"","format":"standard","meta":{"footnotes":""},"categories":[33383,33391,33380,33404,33385],"tags":[],"class_list":["post-19178","post","type-post","status-publish","format-standard","hentry","category-abertos-a-comunidade","category-alunos","category-camara-de-extensao","category-cursos-de-linguas","category-editais-e-resultados"],"jetpack_featured_media_url":"","_links":{"self":[{"href":"https:\/\/wp.ufpel.edu.br\/clc\/wp-json\/wp\/v2\/posts\/19178","targetHints":{"allow":["GET"]}}],"collection":[{"href":"https:\/\/wp.ufpel.edu.br\/clc\/wp-json\/wp\/v2\/posts"}],"about":[{"href":"https:\/\/wp.ufpel.edu.br\/clc\/wp-json\/wp\/v2\/types\/post"}],"author":[{"embeddable":true,"href":"https:\/\/wp.ufpel.edu.br\/clc\/wp-json\/wp\/v2\/users\/50"}],"replies":[{"embeddable":true,"href":"https:\/\/wp.ufpel.edu.br\/clc\/wp-json\/wp\/v2\/comments?post=19178"}],"version-history":[{"count":2,"href":"https:\/\/wp.ufpel.edu.br\/clc\/wp-json\/wp\/v2\/posts\/19178\/revisions"}],"predecessor-version":[{"id":19182,"href":"https:\/\/wp.ufpel.edu.br\/clc\/wp-json\/wp\/v2\/posts\/19178\/revisions\/19182"}],"wp:attachment":[{"href":"https:\/\/wp.ufpel.edu.br\/clc\/wp-json\/wp\/v2\/media?parent=19178"}],"wp:term":[{"taxonomy":"category","embeddable":true,"href":"https:\/\/wp.ufpel.edu.br\/clc\/wp-json\/wp\/v2\/categories?post=19178"},{"taxonomy":"post_tag","embeddable":true,"href":"https:\/\/wp.ufpel.edu.br\/clc\/wp-json\/wp\/v2\/tags?post=19178"}],"curies":[{"name":"wp","href":"https:\/\/api.w.org\/{rel}","templated":true}]}}