{"id":19165,"date":"2026-04-07T17:26:17","date_gmt":"2026-04-07T20:26:17","guid":{"rendered":"https:\/\/wp.ufpel.edu.br\/clc\/?p=19165"},"modified":"2026-04-07T17:28:34","modified_gmt":"2026-04-07T20:28:34","slug":"19165","status":"publish","type":"post","link":"https:\/\/wp.ufpel.edu.br\/clc\/2026\/04\/07\/19165\/","title":{"rendered":"Jornada Brasil-Portugal de Aquisi\u00e7\u00e3o de Linguagem"},"content":{"rendered":"<p style=\"text-align: justify;\"><strong>Jornada Brasil-Portugal de Aquisi\u00e7\u00e3o de Linguagem<\/strong><\/p>\n<p style=\"text-align: justify;\">&#x1f4cd; Data: 01\/06\/2026 \u2013 03\/06\/2026<\/p>\n<p style=\"text-align: justify;\">&#x1f4cc; CEHUS &#8211; Pelotas<\/p>\n<p style=\"text-align: justify;\">&#x1f4bb; Com transmiss\u00e3o online<\/p>\n<p><a href=\"https:\/\/wp.ufpel.edu.br\/clc\/2026\/04\/07\/19165\/asasas\/\" rel=\"attachment wp-att-19167\"><img loading=\"lazy\" decoding=\"async\" class=\"alignleft size-medium wp-image-19167\" src=\"https:\/\/wp.ufpel.edu.br\/clc\/files\/2026\/04\/asasas-254x318.jpg\" alt=\"\" width=\"254\" height=\"318\" srcset=\"https:\/\/wp.ufpel.edu.br\/clc\/files\/2026\/04\/asasas-254x318.jpg 254w, https:\/\/wp.ufpel.edu.br\/clc\/files\/2026\/04\/asasas-127x159.jpg 127w, https:\/\/wp.ufpel.edu.br\/clc\/files\/2026\/04\/asasas-768x960.jpg 768w, https:\/\/wp.ufpel.edu.br\/clc\/files\/2026\/04\/asasas.jpg 1080w\" sizes=\"auto, (max-width: 254px) 100vw, 254px\" \/><\/a><\/p>\n<p style=\"text-align: justify;\">Sobre o evento:<\/p>\n<p style=\"text-align: justify;\">A Jornada Brasil-Portugal de Aquisi\u00e7\u00e3o da Linguagem tem a finalidade de integrar pesquisadores, professores e alunos, de diferentes Institui\u00e7\u00f5es de ensino e pesquisa do Brasil e de Portugal, para a discuss\u00e3o do processo de Aquisi\u00e7\u00e3o da Linguagem em suas diferentes e complexas dimens\u00f5es, contemplando a aquisi\u00e7\u00e3o do Portugu\u00eas e de suas variedades, bem como de outras l\u00ednguas naturais, incluindo LIBRAS.<\/p>\n<p>&nbsp;<\/p>\n<p style=\"text-align: justify;\">Estar\u00e3o em foco estudos sobre a linguagem na fala e na escrita, na condi\u00e7\u00e3o de L1 e de L2, seja aquisi\u00e7\u00e3o t\u00edpica ou at\u00edpica, envolvendo Fonologia, Morfologia, Sintaxe, Sem\u00e2ntica e Discurso.<\/p>\n<p style=\"text-align: justify;\">Com esse perfil, o evento contribuir\u00e1 para a valoriza\u00e7\u00e3o da \u00e1rea de Aquisi\u00e7\u00e3o da Linguagem como um campo de estudos de especial relev\u00e2ncia na forma\u00e7\u00e3o de pesquisadores e professores. Al\u00e9m disso, este evento ir\u00e1 celebrar e consolidar uma parceria de mais de 20 anos em investiga\u00e7\u00f5es sobre a Aquisi\u00e7\u00e3o da Linguagem estabelecida entre universidades brasileiras e portuguesas.<\/p>\n<p style=\"text-align: justify;\">&#x1f4dd; Inscri\u00e7\u00f5es:<br \/>\n<a href=\"https:\/\/www.even3.com.br\/jornada-brasil-portugal-de-aquisicao-de-linguagem-705838\/\">https:\/\/www.even3.com.br\/jornada-brasil-portugal-de-aquisicao-de-linguagem-705838\/<\/a><\/p>\n","protected":false},"excerpt":{"rendered":"<p>Jornada Brasil-Portugal de Aquisi\u00e7\u00e3o de Linguagem &#x1f4cd; Data: 01\/06\/2026 \u2013 03\/06\/2026 &#x1f4cc; CEHUS &#8211; Pelotas &#x1f4bb; Com transmiss\u00e3o online Sobre o evento: A Jornada Brasil-Portugal de Aquisi\u00e7\u00e3o da Linguagem tem a finalidade de integrar pesquisadores, professores e alunos, de diferentes &hellip; <a href=\"https:\/\/wp.ufpel.edu.br\/clc\/2026\/04\/07\/19165\/\">Continue lendo <span class=\"meta-nav\">&rarr;<\/span><\/a><\/p>\n","protected":false},"author":50,"featured_media":0,"comment_status":"closed","ping_status":"closed","sticky":false,"template":"","format":"standard","meta":{"footnotes":""},"categories":[1],"tags":[],"class_list":["post-19165","post","type-post","status-publish","format-standard","hentry","category-notcias"],"jetpack_featured_media_url":"","_links":{"self":[{"href":"https:\/\/wp.ufpel.edu.br\/clc\/wp-json\/wp\/v2\/posts\/19165","targetHints":{"allow":["GET"]}}],"collection":[{"href":"https:\/\/wp.ufpel.edu.br\/clc\/wp-json\/wp\/v2\/posts"}],"about":[{"href":"https:\/\/wp.ufpel.edu.br\/clc\/wp-json\/wp\/v2\/types\/post"}],"author":[{"embeddable":true,"href":"https:\/\/wp.ufpel.edu.br\/clc\/wp-json\/wp\/v2\/users\/50"}],"replies":[{"embeddable":true,"href":"https:\/\/wp.ufpel.edu.br\/clc\/wp-json\/wp\/v2\/comments?post=19165"}],"version-history":[{"count":3,"href":"https:\/\/wp.ufpel.edu.br\/clc\/wp-json\/wp\/v2\/posts\/19165\/revisions"}],"predecessor-version":[{"id":19171,"href":"https:\/\/wp.ufpel.edu.br\/clc\/wp-json\/wp\/v2\/posts\/19165\/revisions\/19171"}],"wp:attachment":[{"href":"https:\/\/wp.ufpel.edu.br\/clc\/wp-json\/wp\/v2\/media?parent=19165"}],"wp:term":[{"taxonomy":"category","embeddable":true,"href":"https:\/\/wp.ufpel.edu.br\/clc\/wp-json\/wp\/v2\/categories?post=19165"},{"taxonomy":"post_tag","embeddable":true,"href":"https:\/\/wp.ufpel.edu.br\/clc\/wp-json\/wp\/v2\/tags?post=19165"}],"curies":[{"name":"wp","href":"https:\/\/api.w.org\/{rel}","templated":true}]}}