{"id":19160,"date":"2026-04-07T16:46:15","date_gmt":"2026-04-07T19:46:15","guid":{"rendered":"https:\/\/wp.ufpel.edu.br\/clc\/?p=19160"},"modified":"2026-04-07T16:46:15","modified_gmt":"2026-04-07T19:46:15","slug":"7-de-abril-dia-do-jornalista-2","status":"publish","type":"post","link":"https:\/\/wp.ufpel.edu.br\/clc\/2026\/04\/07\/7-de-abril-dia-do-jornalista-2\/","title":{"rendered":"7 de Abril | Dia do Jornalista"},"content":{"rendered":"<p>Neste dia 7 de abril, cumprimentamos a todos os nossos colegas jornalistas.<\/p>\n<p><a href=\"https:\/\/wp.ufpel.edu.br\/clc\/2026\/04\/07\/7-de-abril-dia-do-jornalista-2\/layout_clc_dia_do_jornalista_2026\/\" rel=\"attachment wp-att-19162\"><img loading=\"lazy\" decoding=\"async\" class=\"alignleft size-medium wp-image-19162\" src=\"https:\/\/wp.ufpel.edu.br\/clc\/files\/2026\/04\/Layout_CLC_Dia_do_Jornalista_2026-318x318.jpg\" alt=\"\" width=\"318\" height=\"318\" srcset=\"https:\/\/wp.ufpel.edu.br\/clc\/files\/2026\/04\/Layout_CLC_Dia_do_Jornalista_2026-318x318.jpg 318w, https:\/\/wp.ufpel.edu.br\/clc\/files\/2026\/04\/Layout_CLC_Dia_do_Jornalista_2026-159x159.jpg 159w, https:\/\/wp.ufpel.edu.br\/clc\/files\/2026\/04\/Layout_CLC_Dia_do_Jornalista_2026-768x768.jpg 768w, https:\/\/wp.ufpel.edu.br\/clc\/files\/2026\/04\/Layout_CLC_Dia_do_Jornalista_2026.jpg 1080w\" sizes=\"auto, (max-width: 318px) 100vw, 318px\" \/><\/a><\/p>\n<p>&nbsp;<\/p>\n<p>&nbsp;<\/p>\n<p>&nbsp;<\/p>\n<p>&nbsp;<\/p>\n<p>&nbsp;<\/p>\n<p>&nbsp;<\/p>\n<p>&nbsp;<\/p>\n<p>&nbsp;<\/p>\n<p>#DiaDoJornalista &#x1f4f0; #Jornalismo &#x270d;&#xfe0f; #Informa\u00e7\u00e3o &#x1f4a1; #Not\u00edcia &#x1f4e2; #Comunica\u00e7\u00e3o &#x1f4f1; #Imprensa &#x1f5de;&#xfe0f; #\u00c9tica &#x2696;&#xfe0f; #Credibilidade &#x2705; #LiberdadeDeImprensa &#x1f54a;&#xfe0f; #Reportagem &#x1f3a4;<\/p>\n","protected":false},"excerpt":{"rendered":"<p>Neste dia 7 de abril, cumprimentamos a todos os nossos colegas jornalistas. &nbsp; &nbsp; &nbsp; &nbsp; &nbsp; &nbsp; &nbsp; &nbsp; #DiaDoJornalista &#x1f4f0; #Jornalismo &#x270d;&#xfe0f; #Informa\u00e7\u00e3o &#x1f4a1; #Not\u00edcia &#x1f4e2; #Comunica\u00e7\u00e3o &#x1f4f1; #Imprensa &#x1f5de;&#xfe0f; #\u00c9tica &#x2696;&#xfe0f; #Credibilidade &#x2705; #LiberdadeDeImprensa &#x1f54a;&#xfe0f; #Reportagem &#x1f3a4;<\/p>\n","protected":false},"author":50,"featured_media":0,"comment_status":"closed","ping_status":"closed","sticky":false,"template":"","format":"standard","meta":{"footnotes":""},"categories":[1],"tags":[],"class_list":["post-19160","post","type-post","status-publish","format-standard","hentry","category-notcias"],"jetpack_featured_media_url":"","_links":{"self":[{"href":"https:\/\/wp.ufpel.edu.br\/clc\/wp-json\/wp\/v2\/posts\/19160","targetHints":{"allow":["GET"]}}],"collection":[{"href":"https:\/\/wp.ufpel.edu.br\/clc\/wp-json\/wp\/v2\/posts"}],"about":[{"href":"https:\/\/wp.ufpel.edu.br\/clc\/wp-json\/wp\/v2\/types\/post"}],"author":[{"embeddable":true,"href":"https:\/\/wp.ufpel.edu.br\/clc\/wp-json\/wp\/v2\/users\/50"}],"replies":[{"embeddable":true,"href":"https:\/\/wp.ufpel.edu.br\/clc\/wp-json\/wp\/v2\/comments?post=19160"}],"version-history":[{"count":2,"href":"https:\/\/wp.ufpel.edu.br\/clc\/wp-json\/wp\/v2\/posts\/19160\/revisions"}],"predecessor-version":[{"id":19164,"href":"https:\/\/wp.ufpel.edu.br\/clc\/wp-json\/wp\/v2\/posts\/19160\/revisions\/19164"}],"wp:attachment":[{"href":"https:\/\/wp.ufpel.edu.br\/clc\/wp-json\/wp\/v2\/media?parent=19160"}],"wp:term":[{"taxonomy":"category","embeddable":true,"href":"https:\/\/wp.ufpel.edu.br\/clc\/wp-json\/wp\/v2\/categories?post=19160"},{"taxonomy":"post_tag","embeddable":true,"href":"https:\/\/wp.ufpel.edu.br\/clc\/wp-json\/wp\/v2\/tags?post=19160"}],"curies":[{"name":"wp","href":"https:\/\/api.w.org\/{rel}","templated":true}]}}