{"id":19048,"date":"2026-02-26T17:04:50","date_gmt":"2026-02-26T20:04:50","guid":{"rendered":"https:\/\/wp.ufpel.edu.br\/clc\/?p=19048"},"modified":"2026-02-26T17:04:50","modified_gmt":"2026-02-26T20:04:50","slug":"resultado-das-bolsas-de-desenvolvimento-na-unidade-bdu-clc","status":"publish","type":"post","link":"https:\/\/wp.ufpel.edu.br\/clc\/2026\/02\/26\/resultado-das-bolsas-de-desenvolvimento-na-unidade-bdu-clc\/","title":{"rendered":"Resultado das Bolsas de Desenvolvimento na Unidade (BDU) &#8211; CLC"},"content":{"rendered":"<p style=\"text-align: justify;\"><span style=\"font-family: georgia, palatino, serif; font-size: 12pt;\">O Centro de Letras e Comunica\u00e7\u00e3o (CLC) tem o prazer de divulgar o resultado do\u00a0<strong>EDITAL N\u00ba 01\/2026<\/strong>\u00a0\u2013\u00a0<strong>Bolsas de Desenvolvimento na Unidade (BDU)<\/strong>. O Programa de Bolsas de Desenvolvimento nas Unidades Acad\u00eamicas (BDU) tem por objetivo possibilitar que a pol\u00edtica de planejamento e execu\u00e7\u00e3o do or\u00e7amento descentralizado das Unidades Acad\u00eamicas possa tamb\u00e9m contemplar a implanta\u00e7\u00e3o de bolsas de Ensino, Pesquisa, Extens\u00e3o e Desenvolvimento Institucional na UFPel.<\/span><\/p>\n<p style=\"text-align: justify;\"><span style=\"font-family: georgia, palatino, serif; font-size: 12pt;\">Os candidatos selecionados podem conferir a lista completa de aprovados e informa\u00e7\u00f5es detalhadas sobre os pr\u00f3ximos passos no site oficial do CLC. Agradecemos a todos os participantes e refor\u00e7amos nosso compromisso com o crescimento e aprimoramento da comunidade acad\u00eamica.<\/span><\/p>\n<p>Confira o resultado aqui: <a href=\"https:\/\/wp.ufpel.edu.br\/clc\/files\/2026\/02\/SEI_3672010_Despacho.pdf\">Resultado BDU CLC<\/a><\/p>\n<p style=\"text-align: justify;\"><strong>O crit\u00e9rio de desempate e elimina\u00e7\u00e3o foi o n\u00e3o comparecimento em uma das etapas e a disponibilidade de tempo para cumprimento de hor\u00e1rio presencial conforme a necessidade do CLC e da C\u00e2mara de Extens\u00e3o.<\/strong><\/p>\n<p><a href=\"https:\/\/wp.ufpel.edu.br\/clc\/files\/2026\/02\/Bolsista-axuliar.png\"><img loading=\"lazy\" decoding=\"async\" class=\"wp-image-19050  aligncenter\" src=\"https:\/\/wp.ufpel.edu.br\/clc\/files\/2026\/02\/Bolsista-axuliar.png\" alt=\"\" width=\"290\" height=\"363\" srcset=\"https:\/\/wp.ufpel.edu.br\/clc\/files\/2026\/02\/Bolsista-axuliar.png 1080w, https:\/\/wp.ufpel.edu.br\/clc\/files\/2026\/02\/Bolsista-axuliar-254x318.png 254w, https:\/\/wp.ufpel.edu.br\/clc\/files\/2026\/02\/Bolsista-axuliar-127x159.png 127w, https:\/\/wp.ufpel.edu.br\/clc\/files\/2026\/02\/Bolsista-axuliar-768x960.png 768w\" sizes=\"auto, (max-width: 290px) 100vw, 290px\" \/><\/a><\/p>\n","protected":false},"excerpt":{"rendered":"<p>O Centro de Letras e Comunica\u00e7\u00e3o (CLC) tem o prazer de divulgar o resultado do\u00a0EDITAL N\u00ba 01\/2026\u00a0\u2013\u00a0Bolsas de Desenvolvimento na Unidade (BDU). O Programa de Bolsas de Desenvolvimento nas Unidades Acad\u00eamicas (BDU) tem por objetivo possibilitar que a pol\u00edtica de &hellip; <a href=\"https:\/\/wp.ufpel.edu.br\/clc\/2026\/02\/26\/resultado-das-bolsas-de-desenvolvimento-na-unidade-bdu-clc\/\">Continue lendo <span class=\"meta-nav\">&rarr;<\/span><\/a><\/p>\n","protected":false},"author":50,"featured_media":0,"comment_status":"closed","ping_status":"closed","sticky":false,"template":"","format":"standard","meta":{"footnotes":""},"categories":[1],"tags":[],"class_list":["post-19048","post","type-post","status-publish","format-standard","hentry","category-notcias"],"jetpack_featured_media_url":"","_links":{"self":[{"href":"https:\/\/wp.ufpel.edu.br\/clc\/wp-json\/wp\/v2\/posts\/19048","targetHints":{"allow":["GET"]}}],"collection":[{"href":"https:\/\/wp.ufpel.edu.br\/clc\/wp-json\/wp\/v2\/posts"}],"about":[{"href":"https:\/\/wp.ufpel.edu.br\/clc\/wp-json\/wp\/v2\/types\/post"}],"author":[{"embeddable":true,"href":"https:\/\/wp.ufpel.edu.br\/clc\/wp-json\/wp\/v2\/users\/50"}],"replies":[{"embeddable":true,"href":"https:\/\/wp.ufpel.edu.br\/clc\/wp-json\/wp\/v2\/comments?post=19048"}],"version-history":[{"count":1,"href":"https:\/\/wp.ufpel.edu.br\/clc\/wp-json\/wp\/v2\/posts\/19048\/revisions"}],"predecessor-version":[{"id":19052,"href":"https:\/\/wp.ufpel.edu.br\/clc\/wp-json\/wp\/v2\/posts\/19048\/revisions\/19052"}],"wp:attachment":[{"href":"https:\/\/wp.ufpel.edu.br\/clc\/wp-json\/wp\/v2\/media?parent=19048"}],"wp:term":[{"taxonomy":"category","embeddable":true,"href":"https:\/\/wp.ufpel.edu.br\/clc\/wp-json\/wp\/v2\/categories?post=19048"},{"taxonomy":"post_tag","embeddable":true,"href":"https:\/\/wp.ufpel.edu.br\/clc\/wp-json\/wp\/v2\/tags?post=19048"}],"curies":[{"name":"wp","href":"https:\/\/api.w.org\/{rel}","templated":true}]}}