{"id":1852,"date":"2013-10-09T14:33:41","date_gmt":"2013-10-09T17:33:41","guid":{"rendered":"https:\/\/wp.ufpel.edu.br\/clc\/?p=1852"},"modified":"2020-11-18T13:22:58","modified_gmt":"2020-11-18T16:22:58","slug":"caext-divulga-resultado-do-sorteio-para-os-cursos-de-linguas","status":"publish","type":"post","link":"https:\/\/wp.ufpel.edu.br\/clc\/2013\/10\/09\/caext-divulga-resultado-do-sorteio-para-os-cursos-de-linguas\/","title":{"rendered":"CaExt divulga resultado do sorteio  para os cursos de l\u00ednguas"},"content":{"rendered":"<p>A C\u00e2mara de Extens\u00e3o do CLC divulgou nesta quarta-feira o resultado do sorteio para os cursos b\u00e1sicos de l\u00edngua estrangeira. Os candidatos sorteados devem comparecer na CaExt na data estipulada no edital, para efetuar matr\u00edcula.<\/p>\n<p><a href=\"https:\/\/wp.ufpel.edu.br\/clc\/files\/2013\/10\/Resultado-do-sorteio-dos-cursos-basicos-da-Caext-1.docx\">Resultado-do-sorteio-dos-cursos-b\u00e1sicos-da-Caext (1)<\/a><\/p>\n<p><a href=\"https:\/\/wp.ufpel.edu.br\/clc\/files\/2013\/09\/Edital-008-2013_2.doc\">Edital 008 | 2013<\/a><\/p>\n<p><a style=\"font-size: 13px\" href=\"https:\/\/wp.ufpel.edu.br\/clc\/files\/2013\/10\/EDITAL-9-REMATR\u00cdCULAS-B\u00c1SICOS-INGL\u00caS-2013-2.docx\">Edital 009 | 2013<\/a><\/p>\n<p><a href=\"https:\/\/wp.ufpel.edu.br\/clc\/files\/2013\/10\/Edital-009-2013_2-Retifica\u00e7\u00e3o.docx\">Edital 009 | 2013_Retificado <\/a><\/p>\n","protected":false},"excerpt":{"rendered":"<p>A C\u00e2mara de Extens\u00e3o do CLC divulgou nesta quarta-feira o resultado do sorteio para os cursos b\u00e1sicos de l\u00edngua estrangeira. Os candidatos sorteados devem comparecer na CaExt na data estipulada no edital, para efetuar matr\u00edcula. Resultado-do-sorteio-dos-cursos-b\u00e1sicos-da-Caext (1) Edital 008 | &hellip; <a href=\"https:\/\/wp.ufpel.edu.br\/clc\/2013\/10\/09\/caext-divulga-resultado-do-sorteio-para-os-cursos-de-linguas\/\">Continue lendo <span class=\"meta-nav\">&rarr;<\/span><\/a><\/p>\n","protected":false},"author":50,"featured_media":0,"comment_status":"closed","ping_status":"closed","sticky":false,"template":"","format":"standard","meta":{"footnotes":""},"categories":[33383,33380,1],"tags":[],"class_list":["post-1852","post","type-post","status-publish","format-standard","hentry","category-abertos-a-comunidade","category-camara-de-extensao","category-notcias"],"jetpack_featured_media_url":"","_links":{"self":[{"href":"https:\/\/wp.ufpel.edu.br\/clc\/wp-json\/wp\/v2\/posts\/1852","targetHints":{"allow":["GET"]}}],"collection":[{"href":"https:\/\/wp.ufpel.edu.br\/clc\/wp-json\/wp\/v2\/posts"}],"about":[{"href":"https:\/\/wp.ufpel.edu.br\/clc\/wp-json\/wp\/v2\/types\/post"}],"author":[{"embeddable":true,"href":"https:\/\/wp.ufpel.edu.br\/clc\/wp-json\/wp\/v2\/users\/50"}],"replies":[{"embeddable":true,"href":"https:\/\/wp.ufpel.edu.br\/clc\/wp-json\/wp\/v2\/comments?post=1852"}],"version-history":[{"count":4,"href":"https:\/\/wp.ufpel.edu.br\/clc\/wp-json\/wp\/v2\/posts\/1852\/revisions"}],"predecessor-version":[{"id":11464,"href":"https:\/\/wp.ufpel.edu.br\/clc\/wp-json\/wp\/v2\/posts\/1852\/revisions\/11464"}],"wp:attachment":[{"href":"https:\/\/wp.ufpel.edu.br\/clc\/wp-json\/wp\/v2\/media?parent=1852"}],"wp:term":[{"taxonomy":"category","embeddable":true,"href":"https:\/\/wp.ufpel.edu.br\/clc\/wp-json\/wp\/v2\/categories?post=1852"},{"taxonomy":"post_tag","embeddable":true,"href":"https:\/\/wp.ufpel.edu.br\/clc\/wp-json\/wp\/v2\/tags?post=1852"}],"curies":[{"name":"wp","href":"https:\/\/api.w.org\/{rel}","templated":true}]}}